{"id":5548,"date":"2016-12-20T22:25:46","date_gmt":"2016-12-20T20:25:46","guid":{"rendered":"http:\/\/www.velehrad.org.uk\/?p=5548"},"modified":"2017-02-10T14:40:21","modified_gmt":"2017-02-10T12:40:21","slug":"mikulasska-2016","status":"publish","type":"post","link":"http:\/\/www.velehrad.org.uk\/?p=5548","title":{"rendered":"Mikul\u00e1\u0161sk\u00e1 2016"},"content":{"rendered":"<p>V\u00e1noce, nejv\u011bt\u0161\u00ed sv\u00e1tky roku, p\u0159ich\u00e1zej\u00ed t\u00fdden p\u0159ed Nov\u00fdm Rokem. Prosinec nen\u00ed zkou\u0161kou trp\u011blivosti ani pro toho, komu se zd\u00e1, \u017ee ok\u00e9nek na adventn\u00edm kalend\u00e1\u0159i je p\u0159\u00edli\u0161 mnoho.<\/p>\n<p><!--more--><\/p>\n<p>Svat\u00fd Mikul\u00e1\u0161 p\u0159ich\u00e1z\u00ed u\u017e na po\u010d\u00e1tku prosince, a kdo by je\u0161t\u011b pot\u0159eboval p\u0159ipmenout, co se chyst\u00e1, ten to dostane v pun\u010do\u0161e.<\/p>\n<p>\u010ce\u0161i a Slov\u00e1ci si oslavu svat\u00e9ho Mikul\u00e1\u0161e uj\u00edt nenechaj\u00ed. Plat\u00ed to pro ty v Lond\u00fdn\u011b a okol\u00ed, stejn\u011b jako pro ty doma.<\/p>\n<p>Na Velehrad do Barnes dorazil \u0161tedr\u00fd sv\u011btec odpoledne v ned\u011bli jeden\u00e1ct\u00e9ho. Nejsp\u00ed\u0161 proto, \u017ee tak\u00e9 zatou\u017eil poslechnout si sbor Stojanova gymnazia z moravsk\u00e9ho Velehradu, kter\u00fd to odpoledne v \u010cern\u00ednov\u011b s\u00e1le vystupoval. Jestli Mikul\u00e1\u0161 incognito v\u010das dorazil, tak se mu snad poda\u0159ilo naj\u00edt m\u00edste\u010dko na lavici u zadn\u00ed st\u011bny jinak zcela zapln\u011bn\u00e9 haly.<\/p>\n<p>Podobn\u011b jako p\u0159i sv\u00e9 minul\u00e9 n\u00e1v\u0161t\u011bv\u011b, ani tentokr\u00e1t Stojanovci nezklamali lond\u00fdnsk\u00e9 publikum. Jejich neuv\u011b\u0159iteln\u011b profesion\u00e1ln\u00ed vystoupen\u00ed s po\u0159adem p\u00edsn\u00ed s latinsk\u00fdmi, \u010desk\u00fdmi, anglick\u00fdmi i africk\u00fdmi texty nadchlo poslucha\u010de v\u0161ech v\u011bkov\u00fdch kategori\u00ed. Zaslou\u017een\u00fd potlesk utuchl teprve tehdy, kdy\u017e sbor zanotoval \u201cNesem v\u00e1m noviny\u201d a dal\u0161\u00ed zn\u00e1m\u00e9 koledy, kter\u00e9 si s nimi zazp\u00edvali i mnoz\u00ed poslucha\u010di v s\u00e1le.<\/p>\n<p>P\u0159i posledn\u00ed koled\u011b u\u017e bylo sly\u0161et zvonky Mikul\u00e1\u0161ov\u00fdch san\u00ed a d\u016fstojn\u00fd sta\u0159ec v \u0161arlatov\u00e9m\u00a0 rouchu s mitrou, op\u00edraje se o biskupskou berlu, ve\u0161el do s\u00e1lu. Kr\u00e1tce oslovil p\u0159\u00edtomnou drobotinu a brzy u\u017e jeho dva asistuj\u00edc\u00ed and\u011bl\u00e9 m\u011bli pln\u00e9 ruce pr\u00e1ce, kdy\u017e mu pod\u00e1vali rozm\u011brn\u00e9 pun\u010dochy, kter\u00e9 sv\u011btec osobn\u011b p\u0159ed\u00e1val jednotliv\u00fdm d\u011btem. Posl\u00e9ze i ka\u017ed\u00e9 zp\u011bva\u010dce a ka\u017ed\u00e9mu zp\u011bv\u00e1kovi z Moravy and\u011bl\u00e9 doru\u010dili napln\u011bnou pun\u010dochu. Zd\u00e1lo se, \u017ee gymnazist\u00e9, a\u010d ve v\u011bku kdy z\u00e1jem p\u0159itahuji sp\u00ed\u0161e I-phony a laptopy, s pot\u011b\u0161en\u00edm pun\u010dochy pln\u00e9 dobrot otv\u00edrali.<\/p>\n<p>Mikula\u0161sk\u00e1 pat\u0159\u00ed p\u0159edev\u0161\u00edm d\u011btem, a tak mlad\u00ed i ostatn\u00ed zap\u00edjeli n\u00e1sleduj\u00edc\u00ed poho\u0161t\u011bn\u00ed d\u017eusem a sodovkou. Absence alkoholu zjevn\u011b nikoho netr\u00e1pila, rozhodn\u011b neubrala el\u00e1n d\u00edvk\u00e1m ze sboru. Ty, kdy\u017e se posilnily, odklidily na stranu \u017eidle, utvo\u0159ily kruh a zbytek odpoledne zpivaly a tan\u010dily. Tak kon\u010dilo dal\u0161\u00ed ned\u011bln\u00ed odpoledne na lond\u00fdnsk\u00e9m Velehradu.<\/p>\n<p>\u0158\u00edk\u00e1te, \u017ee jste tam byli taky? No tak jsem v\u00e1m to nemusel pov\u00eddat\u2026.<\/p>\n<p>(autor: Anton\u00edn St\u00e1n\u011b)<\/p>\n","protected":false},"excerpt":{"rendered":"<p>V\u00e1noce, nejv\u011bt\u0161\u00ed sv\u00e1tky roku, p\u0159ich\u00e1zej\u00ed t\u00fdden p\u0159ed Nov\u00fdm Rokem. Prosinec nen\u00ed zkou\u0161kou trp\u011blivosti ani pro toho, komu se zd\u00e1, \u017ee ok\u00e9nek na adventn\u00edm kalend\u00e1\u0159i je p\u0159\u00edli\u0161 mnoho.<\/p>\n","protected":false},"author":1,"featured_media":0,"comment_status":"closed","ping_status":"closed","sticky":false,"template":"","format":"standard","meta":{"ngg_post_thumbnail":0,"footnotes":""},"categories":[20],"tags":[],"class_list":["post-5548","post","type-post","status-publish","format-standard","hentry","category-novinky"],"post_mailing_queue_ids":[],"_links":{"self":[{"href":"http:\/\/www.velehrad.org.uk\/index.php?rest_route=\/wp\/v2\/posts\/5548","targetHints":{"allow":["GET"]}}],"collection":[{"href":"http:\/\/www.velehrad.org.uk\/index.php?rest_route=\/wp\/v2\/posts"}],"about":[{"href":"http:\/\/www.velehrad.org.uk\/index.php?rest_route=\/wp\/v2\/types\/post"}],"author":[{"embeddable":true,"href":"http:\/\/www.velehrad.org.uk\/index.php?rest_route=\/wp\/v2\/users\/1"}],"replies":[{"embeddable":true,"href":"http:\/\/www.velehrad.org.uk\/index.php?rest_route=%2Fwp%2Fv2%2Fcomments&post=5548"}],"version-history":[{"count":2,"href":"http:\/\/www.velehrad.org.uk\/index.php?rest_route=\/wp\/v2\/posts\/5548\/revisions"}],"predecessor-version":[{"id":5658,"href":"http:\/\/www.velehrad.org.uk\/index.php?rest_route=\/wp\/v2\/posts\/5548\/revisions\/5658"}],"wp:attachment":[{"href":"http:\/\/www.velehrad.org.uk\/index.php?rest_route=%2Fwp%2Fv2%2Fmedia&parent=5548"}],"wp:term":[{"taxonomy":"category","embeddable":true,"href":"http:\/\/www.velehrad.org.uk\/index.php?rest_route=%2Fwp%2Fv2%2Fcategories&post=5548"},{"taxonomy":"post_tag","embeddable":true,"href":"http:\/\/www.velehrad.org.uk\/index.php?rest_route=%2Fwp%2Fv2%2Ftags&post=5548"}],"curies":[{"name":"wp","href":"https:\/\/api.w.org\/{rel}","templated":true}]}}