{"id":5550,"date":"2016-12-06T22:26:48","date_gmt":"2016-12-06T20:26:48","guid":{"rendered":"http:\/\/www.velehrad.org.uk\/?p=5550"},"modified":"2017-02-14T14:04:19","modified_gmt":"2017-02-14T12:04:19","slug":"navsteva-je-kardinala-dominika-duky-na-londynskem-velehrade","status":"publish","type":"post","link":"http:\/\/www.velehrad.org.uk\/?p=5550","title":{"rendered":"N\u00e1v\u0161t\u011bva JE kardin\u00e1la Dominika Duky na Lond\u00fdnsk\u00e9m Velehrad\u011b"},"content":{"rendered":"<p style=\"text-align: left;\">V\u00edce ne\u017e stovka krajan\u016f se p\u0159i\u0161la setkat v ned\u011bli 6. listopadu s \u010desk\u00fdm primasem a pra\u017esk\u00fdm arcibiskupem kardin\u00e1lem Dominikem Dukou v nov\u011b rekonstruovan\u00e9m dom\u011b lond\u00fdnsk\u00e9ho Velehradu a byla p\u0159\u00edtomna po\u017eehn\u00e1n\u00ed nov\u00e9ho st\u0159ediska nadace, jej\u00ed\u017e ko\u0159eny sahaj\u00ed zp\u011bt v\u00edce ne\u017e p\u016fl stolet\u00ed.<\/p>\n<p style=\"text-align: left;\"><!--more--><\/p>\n<p style=\"text-align: left;\">V kr\u00e1tk\u00e9m vystoupen\u00ed uv\u00edtal v\u0161echny p\u0159edseda lond\u00fdnsk\u00e9 velehradsk\u00e9 charity ing. Anton\u00edn St\u00e1n\u011b, kter\u00fd tak\u00e9 p\u0159ipom\u011bl zakladatelskou pr\u00e1ci P.Jana Langa SJ. Domu i pr\u00e1ci nadace pak po\u017eehnal kardin\u00e1l Duka, na\u010de\u017e promluvil i p\u0159\u00edtomn\u00fd velvyslanec \u010cesk\u00e9 republiky ve Velk\u00e9 Britanii Libor Se\u010dka. Nakonec je\u0161t\u011b zazp\u00edvalo d\u00edv\u010d\u00ed trio. T\u00edm skon\u010dilo p\u016flhodinov\u00e9 shrom\u00e1\u017eden\u00ed a v\u0161ichni p\u0159e\u0161li do p\u0159ilehl\u00e9 haly, kde ji\u017e \u010dekalo bohat\u00e9 ob\u010derstven\u00ed v\u010detn\u011b prav\u00fdch \u010desk\u00fdch chleb\u00ed\u010dk\u016f a \u010desk\u00e9ho piva.<\/p>\n<p style=\"text-align: left;\">Kardin\u00e1l Duka byl hostem lond\u00fdnsk\u00e9ho Velehradu od p\u00e1tku \u010dtvrt\u00e9ho listopadu do ned\u011bln\u00edho ve\u010dera. Spr\u00e1vn\u00ed rada Velehradu mu p\u0159ipravila bohat\u00fd program, ve kter\u00e9m nechyb\u011bla n\u00e1v\u0161t\u011bva Canterbursk\u00e9 katedr\u00e1ly, prvn\u00ed m\u0161e v nov\u00e9m dom\u011b velehradsk\u00e9 nadace, ve\u010de\u0159e po\u0159\u00e1dan\u00e1\u00a0 \u010desk\u00fdm velvyslancem, n\u00e1v\u0161t\u011bva v\u00e1le\u010dn\u00e9ho kabinetu Winstona Churchila, ani ned\u011bln\u00ed \u010desk\u00e1 m\u0161e v jednom z centr\u00e1lnich lond\u00fdnsk\u00fdch kostel\u016f.<\/p>\n<p style=\"text-align: left;\">Kardin\u00e1l Duka svoj\u00ed n\u00e1v\u0161t\u011bvou otev\u0159el novou kapitolu v kronice \u201d \u010desk\u00e9ho Lond\u00fdna\u201d a lond\u00fdnsk\u00fd Velehrad \u2013 se sv\u00fdm nov\u011b otev\u0159en\u00fdm domovem \u2013 mu d\u011bkuje a t\u011b\u0161\u00ed se na jeho p\u0159\u00ed\u0161t\u00ed n\u00e1v\u0161t\u011bvu.<\/p>\n<hr \/>\n","protected":false},"excerpt":{"rendered":"<p>V\u00edce ne\u017e stovka krajan\u016f se p\u0159i\u0161la setkat v ned\u011bli 6. listopadu s \u010desk\u00fdm primasem a pra\u017esk\u00fdm arcibiskupem kardin\u00e1lem Dominikem Dukou v nov\u011b rekonstruovan\u00e9m dom\u011b lond\u00fdnsk\u00e9ho Velehradu a byla p\u0159\u00edtomna po\u017eehn\u00e1n\u00ed nov\u00e9ho st\u0159ediska nadace, jej\u00ed\u017e ko\u0159eny sahaj\u00ed zp\u011bt v\u00edce ne\u017e p\u016fl stolet\u00ed.<\/p>\n","protected":false},"author":1,"featured_media":0,"comment_status":"closed","ping_status":"closed","sticky":false,"template":"","format":"image","meta":{"ngg_post_thumbnail":0,"footnotes":""},"categories":[20],"tags":[],"class_list":["post-5550","post","type-post","status-publish","format-image","hentry","category-novinky","post_format-post-format-image"],"post_mailing_queue_ids":[],"_links":{"self":[{"href":"http:\/\/www.velehrad.org.uk\/index.php?rest_route=\/wp\/v2\/posts\/5550","targetHints":{"allow":["GET"]}}],"collection":[{"href":"http:\/\/www.velehrad.org.uk\/index.php?rest_route=\/wp\/v2\/posts"}],"about":[{"href":"http:\/\/www.velehrad.org.uk\/index.php?rest_route=\/wp\/v2\/types\/post"}],"author":[{"embeddable":true,"href":"http:\/\/www.velehrad.org.uk\/index.php?rest_route=\/wp\/v2\/users\/1"}],"replies":[{"embeddable":true,"href":"http:\/\/www.velehrad.org.uk\/index.php?rest_route=%2Fwp%2Fv2%2Fcomments&post=5550"}],"version-history":[{"count":7,"href":"http:\/\/www.velehrad.org.uk\/index.php?rest_route=\/wp\/v2\/posts\/5550\/revisions"}],"predecessor-version":[{"id":6000,"href":"http:\/\/www.velehrad.org.uk\/index.php?rest_route=\/wp\/v2\/posts\/5550\/revisions\/6000"}],"wp:attachment":[{"href":"http:\/\/www.velehrad.org.uk\/index.php?rest_route=%2Fwp%2Fv2%2Fmedia&parent=5550"}],"wp:term":[{"taxonomy":"category","embeddable":true,"href":"http:\/\/www.velehrad.org.uk\/index.php?rest_route=%2Fwp%2Fv2%2Fcategories&post=5550"},{"taxonomy":"post_tag","embeddable":true,"href":"http:\/\/www.velehrad.org.uk\/index.php?rest_route=%2Fwp%2Fv2%2Ftags&post=5550"}],"curies":[{"name":"wp","href":"https:\/\/api.w.org\/{rel}","templated":true}]}}