{"id":5564,"date":"2016-01-21T09:10:05","date_gmt":"2016-01-21T07:10:05","guid":{"rendered":"http:\/\/www.velehrad.org.uk\/?p=5564"},"modified":"2017-01-23T17:57:11","modified_gmt":"2017-01-23T15:57:11","slug":"jak-se-zije-ceskym-krestanum-v-zahranici","status":"publish","type":"post","link":"http:\/\/www.velehrad.org.uk\/?p=5564","title":{"rendered":"Jak se \u017eije \u010desk\u00fdm k\u0159es\u0165an\u016fm v zahrani\u010d\u00ed?"},"content":{"rendered":"<p>P\u0159e\u010dt\u011bte si \u010dl\u00e1nek na str\u00e1nk\u00e1ch cirkev.cz: <a href=\"http:\/\/www.cirkev.cz\/cs\/aktuality\/160728jak-se-zije-ceskym-krestanum-v-zahranici?key=0e2de6be-d9d7-4cd6-b074-d47c39a0a29f\" target=\"_blank\">http:\/\/www.cirkev.cz\/cs\/aktuality\/160728jak-se-zije-ceskym-krestanum-v-zahranici?key=0e2de6be-d9d7-4cd6-b074-d47c39a0a29f<\/a><\/p>\n","protected":false},"excerpt":{"rendered":"<p>P\u0159e\u010dt\u011bte si \u010dl\u00e1nek na str\u00e1nk\u00e1ch cirkev.cz: http:\/\/www.cirkev.cz\/cs\/aktuality\/160728jak-se-zije-ceskym-krestanum-v-zahranici?key=0e2de6be-d9d7-4cd6-b074-d47c39a0a29f<\/p>\n","protected":false},"author":1,"featured_media":0,"comment_status":"open","ping_status":"open","sticky":false,"template":"","format":"standard","meta":{"ngg_post_thumbnail":0,"footnotes":""},"categories":[21],"tags":[],"class_list":["post-5564","post","type-post","status-publish","format-standard","hentry","category-prispevky"],"post_mailing_queue_ids":[],"_links":{"self":[{"href":"http:\/\/www.velehrad.org.uk\/index.php?rest_route=\/wp\/v2\/posts\/5564","targetHints":{"allow":["GET"]}}],"collection":[{"href":"http:\/\/www.velehrad.org.uk\/index.php?rest_route=\/wp\/v2\/posts"}],"about":[{"href":"http:\/\/www.velehrad.org.uk\/index.php?rest_route=\/wp\/v2\/types\/post"}],"author":[{"embeddable":true,"href":"http:\/\/www.velehrad.org.uk\/index.php?rest_route=\/wp\/v2\/users\/1"}],"replies":[{"embeddable":true,"href":"http:\/\/www.velehrad.org.uk\/index.php?rest_route=%2Fwp%2Fv2%2Fcomments&post=5564"}],"version-history":[{"count":2,"href":"http:\/\/www.velehrad.org.uk\/index.php?rest_route=\/wp\/v2\/posts\/5564\/revisions"}],"predecessor-version":[{"id":5566,"href":"http:\/\/www.velehrad.org.uk\/index.php?rest_route=\/wp\/v2\/posts\/5564\/revisions\/5566"}],"wp:attachment":[{"href":"http:\/\/www.velehrad.org.uk\/index.php?rest_route=%2Fwp%2Fv2%2Fmedia&parent=5564"}],"wp:term":[{"taxonomy":"category","embeddable":true,"href":"http:\/\/www.velehrad.org.uk\/index.php?rest_route=%2Fwp%2Fv2%2Fcategories&post=5564"},{"taxonomy":"post_tag","embeddable":true,"href":"http:\/\/www.velehrad.org.uk\/index.php?rest_route=%2Fwp%2Fv2%2Ftags&post=5564"}],"curies":[{"name":"wp","href":"https:\/\/api.w.org\/{rel}","templated":true}]}}