{"id":5567,"date":"2016-01-21T09:11:11","date_gmt":"2016-01-21T07:11:11","guid":{"rendered":"http:\/\/www.velehrad.org.uk\/?p=5567"},"modified":"2017-02-10T14:41:00","modified_gmt":"2017-02-10T12:41:00","slug":"antonin-stane-na-tema-brexit","status":"publish","type":"post","link":"http:\/\/www.velehrad.org.uk\/?p=5567","title":{"rendered":"Anton\u00edn St\u00e1n\u011b na t\u00e9ma Brexit"},"content":{"rendered":"<p><a href=\"http:\/\/www.lidovky.cz\/cech-v-britanii-hlasovat-mozna-nebudu-znechutila-me-vztekla-kampan-1do-\/zpravy-svet.aspx?c=A160623_093615_ln_zahranici_msl\" target=\"_blank\">http:\/\/www.lidovky.cz\/cech-v-britanii-hlasovat-mozna-nebudu-znechutila-me-vztekla-kampan-1do-\/zpravy-svet.aspx?c=A160623_093615_ln_zahranici_msl<\/a><\/p>\n","protected":false},"excerpt":{"rendered":"<p>http:\/\/www.lidovky.cz\/cech-v-britanii-hlasovat-mozna-nebudu-znechutila-me-vztekla-kampan-1do-\/zpravy-svet.aspx?c=A160623_093615_ln_zahranici_msl<\/p>\n","protected":false},"author":1,"featured_media":0,"comment_status":"closed","ping_status":"closed","sticky":false,"template":"","format":"standard","meta":{"ngg_post_thumbnail":0,"footnotes":""},"categories":[21],"tags":[],"class_list":["post-5567","post","type-post","status-publish","format-standard","hentry","category-prispevky"],"post_mailing_queue_ids":[],"_links":{"self":[{"href":"http:\/\/www.velehrad.org.uk\/index.php?rest_route=\/wp\/v2\/posts\/5567","targetHints":{"allow":["GET"]}}],"collection":[{"href":"http:\/\/www.velehrad.org.uk\/index.php?rest_route=\/wp\/v2\/posts"}],"about":[{"href":"http:\/\/www.velehrad.org.uk\/index.php?rest_route=\/wp\/v2\/types\/post"}],"author":[{"embeddable":true,"href":"http:\/\/www.velehrad.org.uk\/index.php?rest_route=\/wp\/v2\/users\/1"}],"replies":[{"embeddable":true,"href":"http:\/\/www.velehrad.org.uk\/index.php?rest_route=%2Fwp%2Fv2%2Fcomments&post=5567"}],"version-history":[{"count":1,"href":"http:\/\/www.velehrad.org.uk\/index.php?rest_route=\/wp\/v2\/posts\/5567\/revisions"}],"predecessor-version":[{"id":5568,"href":"http:\/\/www.velehrad.org.uk\/index.php?rest_route=\/wp\/v2\/posts\/5567\/revisions\/5568"}],"wp:attachment":[{"href":"http:\/\/www.velehrad.org.uk\/index.php?rest_route=%2Fwp%2Fv2%2Fmedia&parent=5567"}],"wp:term":[{"taxonomy":"category","embeddable":true,"href":"http:\/\/www.velehrad.org.uk\/index.php?rest_route=%2Fwp%2Fv2%2Fcategories&post=5567"},{"taxonomy":"post_tag","embeddable":true,"href":"http:\/\/www.velehrad.org.uk\/index.php?rest_route=%2Fwp%2Fv2%2Ftags&post=5567"}],"curies":[{"name":"wp","href":"https:\/\/api.w.org\/{rel}","templated":true}]}}