{"id":5602,"date":"2017-01-20T16:45:34","date_gmt":"2017-01-20T14:45:34","guid":{"rendered":"http:\/\/www.velehrad.org.uk\/?p=5602"},"modified":"2017-02-10T16:50:21","modified_gmt":"2017-02-10T14:50:21","slug":"palachovsky-vecer-na-velehrade-pripominkou-atmosfery-onech-let","status":"publish","type":"post","link":"http:\/\/www.velehrad.org.uk\/?p=5602","title":{"rendered":"Palachovsk\u00fd ve\u010der na Velehrad\u011b p\u0159ipom\u00ednkou atmosf\u00e9ry on\u011bch let"},"content":{"rendered":"<p style=\"text-align: left;\">19. ledna, se na lond\u00fdnsk\u00e9m Velehrad\u011b se\u0161ly t\u0159i des\u00edtky krajan\u016f, aby vzpomn\u011bly ob\u011bti studenta Jana Palacha na po\u010d\u00e1tku roku 1969 v den v\u00fdro\u010d\u00ed a jeho smrti.<\/p>\n<p style=\"text-align: left;\"><!--more-->Krajan\u00e9 &#8211; spolu se z\u00e1stupci \u010desk\u00e9ho velvyslanectv\u00ed pod veden\u00edm z\u00e1stupce velvyslance Jana Br\u00fcnnera \u2013 se nejd\u0159\u00edve odebrali do zahrady, aby p\u0159ed pomn\u00edkem Jana od zn\u00e1m\u00e9ho socha\u0159e Franty B\u011blsk\u00e9ho vyslechli kr\u00e1tkou \u0159e\u010d ing. Anton\u00edna St\u00e1n\u011b za spr\u00e1vn\u00ed radu charity Velehrad a uctli Janovu pam\u00e1tku minutou ticha. Pak, u\u017e v s\u00e1le, n\u00e1sledovala p\u0159ipom\u00ednka d\u016fle\u017eitosti Janovy z\u00e1paln\u00e9 ob\u011bti, kterou pronesl z\u00e1stupce velvyslance a ve\u010der pokra\u010doval prom\u00edtnut\u00edm diapozitiv\u016f z arch\u00edvu profesion\u00e1ln\u00ed fotografky pan\u00ed Mark\u00e9ty Luska\u010dov\u00e9, z Palachova poh\u0159bu, kter\u00fd po desetilet\u00ed ukr\u00fdvala na p\u016fd\u011b u zn\u00e1m\u00fdch v Praze a nalezla je tam a\u017e po p\u00e1du komunistick\u00e9ho re\u017eimu, jak pro prom\u00edt\u00e1n\u00ed kr\u00e1tce p\u0159ipomn\u011bla. Pak n\u00e1sledovala vzpom\u00ednka pan\u00ed Marion Wernerov\u00e9, kter\u00e1 si po desetilet\u00ed dopisuje s rodinou Jana ve V\u0161etatech, zejm\u00e9na s jeho bratrem. Pan\u00ed Marion p\u0159edstavila na panelech s fotografiemi celou tragickou ud\u00e1lost i \u0159adu dobov\u00fdch dokument\u016f a p\u0159ipomn\u011bla i hrozby StB ohledn\u011b Janova hrobu, kter\u00fd pak rodina musela p\u0159en\u00e9st z Prahy do V\u0161etat. Po n\u00ed pokra\u010dovala diskuse p\u0159\u00edsp\u011bvky pan\u00ed Loly Hru\u0161kov\u00e9 a dal\u0161\u00edch \u00fa\u010dastn\u00edk\u016f ve\u010dera a je mo\u017en\u00e9 konstatovat, \u017ee dal\u0161\u00ed d\u016fstojn\u00e1 oslava Janovy z\u00e1paln\u00e9 ob\u011bti byla bohat\u00e1 na podrobnosti, dokumenty i osobn\u00ed vzpom\u00ednky&#8230;<\/p>\n","protected":false},"excerpt":{"rendered":"<p>19. ledna, se na lond\u00fdnsk\u00e9m Velehrad\u011b se\u0161ly t\u0159i des\u00edtky krajan\u016f, aby vzpomn\u011bly ob\u011bti studenta Jana Palacha na po\u010d\u00e1tku roku 1969 v den v\u00fdro\u010d\u00ed a jeho smrti.<\/p>\n","protected":false},"author":1,"featured_media":5947,"comment_status":"closed","ping_status":"closed","sticky":false,"template":"","format":"standard","meta":{"ngg_post_thumbnail":0,"footnotes":""},"categories":[1,20],"tags":[],"class_list":["post-5602","post","type-post","status-publish","format-standard","has-post-thumbnail","hentry","category-akce-velehradu","category-novinky"],"post_mailing_queue_ids":[],"_links":{"self":[{"href":"http:\/\/www.velehrad.org.uk\/index.php?rest_route=\/wp\/v2\/posts\/5602","targetHints":{"allow":["GET"]}}],"collection":[{"href":"http:\/\/www.velehrad.org.uk\/index.php?rest_route=\/wp\/v2\/posts"}],"about":[{"href":"http:\/\/www.velehrad.org.uk\/index.php?rest_route=\/wp\/v2\/types\/post"}],"author":[{"embeddable":true,"href":"http:\/\/www.velehrad.org.uk\/index.php?rest_route=\/wp\/v2\/users\/1"}],"replies":[{"embeddable":true,"href":"http:\/\/www.velehrad.org.uk\/index.php?rest_route=%2Fwp%2Fv2%2Fcomments&post=5602"}],"version-history":[{"count":2,"href":"http:\/\/www.velehrad.org.uk\/index.php?rest_route=\/wp\/v2\/posts\/5602\/revisions"}],"predecessor-version":[{"id":5948,"href":"http:\/\/www.velehrad.org.uk\/index.php?rest_route=\/wp\/v2\/posts\/5602\/revisions\/5948"}],"wp:featuredmedia":[{"embeddable":true,"href":"http:\/\/www.velehrad.org.uk\/index.php?rest_route=\/wp\/v2\/media\/5947"}],"wp:attachment":[{"href":"http:\/\/www.velehrad.org.uk\/index.php?rest_route=%2Fwp%2Fv2%2Fmedia&parent=5602"}],"wp:term":[{"taxonomy":"category","embeddable":true,"href":"http:\/\/www.velehrad.org.uk\/index.php?rest_route=%2Fwp%2Fv2%2Fcategories&post=5602"},{"taxonomy":"post_tag","embeddable":true,"href":"http:\/\/www.velehrad.org.uk\/index.php?rest_route=%2Fwp%2Fv2%2Ftags&post=5602"}],"curies":[{"name":"wp","href":"https:\/\/api.w.org\/{rel}","templated":true}]}}