{"id":5939,"date":"2017-02-10T14:44:50","date_gmt":"2017-02-10T12:44:50","guid":{"rendered":"http:\/\/www.velehrad.org.uk\/?p=5939"},"modified":"2017-02-10T14:44:50","modified_gmt":"2017-02-10T12:44:50","slug":"there-is-only-you-ceska-moda-na-ifs-2017","status":"publish","type":"post","link":"http:\/\/www.velehrad.org.uk\/?p=5939","title":{"rendered":"There Is Only You &#8211; \u010desk\u00e1 m\u00f3da na IFS 2017"},"content":{"rendered":"<p class=\"documentPerex\"><strong>There\u2019s only you je v\u00fdstava student\u016f a absolvent\u016f pra\u017esk\u00e9 Vysok\u00e9 \u0161koly um\u011bleckopr\u016fmyslov\u00e9 v Praze (UMPRUM), <\/strong><!--more--><\/p>\n<p class=\"documentPerex\"><strong>kte\u0159\u00ed pod veden\u00edm kur\u00e1tora MgA. Pavla Ivan\u010dice ve spolupr\u00e1ci s \u010cesk\u00fdm centrem Lond\u00fdn p\u0159edstav\u00ed svou jedine\u010dnou tvorbu na mezin\u00e1rodn\u00ed p\u0159ehl\u00eddce mlad\u00fdch m\u00f3dn\u00edch talent\u016f International Fashion Showcase 2017 (IFS). Jednotliv\u00e9 \u201eexpon\u00e1ty\u201c reflektuj\u00ed jejich vizi sou\u010dasn\u00e9ho sv\u011bta \u2013 m\u00edsta, kter\u00e9 vn\u00edmaj\u00ed, kde \u017eij\u00ed a setk\u00e1vaj\u00ed se s ostatn\u00edmi&#8230; V\u00fdstava se uskute\u010dn\u00ed v prostor\u00e1ch majest\u00e1tn\u00edho Somerset House jako doprovodn\u00e1 akce London Fashion Week.\u00a0<\/strong><\/p>\n<div class=\"content\">\n<p>\u010ceskou expozici budou na International Fashion showcase op\u011bt reprezentovat studenti a absolventi Ateli\u00e9ru m\u00f3dn\u00ed tvorby a Ateli\u00e9ru designu od\u011bvu a obuvi, jmenovit\u011b Michaela \u010capkov\u00e1, Filip Hieke, Tereza Ros\u00e1lie Klado\u0161ov\u00e1, Tereza Ledvinov\u00e1 a Kate\u0159ina Plamitzerov\u00e1. V\u00a0kolekc\u00edch pro rok 2017 se prol\u00edn\u00e1 t\u00e9ma leto\u0161n\u00edho ro\u010dn\u00edku IFS s osobn\u00edmi pocity a n\u00e1zory, kter\u00e9 se svou tvorbou sna\u017e\u00ed vyj\u00e1d\u0159it. Hranice mezi spiritu\u00e1ln\u00edm a materi\u00e1ln\u00edm, vztah od\u011bvu a jeho nositele, propojen\u00ed p\u0159edm\u011bt\u016f denn\u00ed pot\u0159eby s\u00a0oble\u010den\u00edm, \u017eenskost ve vztahu k\u00a0mytologii a japonsk\u00fdm anime film\u016fm, od\u011bv jako prostor vyvol\u00e1vaj\u00edc\u00ed vzpom\u00ednky\u2026<\/p>\n<p><strong><span class=\"_4n-j _3cht fsl\">17. \u2013 21. \u00daNORA 2017 <\/span><br \/>\n<\/strong>West Wing Galleries, Somerset House, Strand, London WC2R 1LA<br \/>\nDenn\u011b od 10:00 do 18:00 (posledn\u00ed vstup v 17:15)<br \/>\nVSTUP VOLN\u00dd, registrujte se p\u0159es Billetto <a href=\"https:\/\/billetto.co.uk\/en\/events\/international-fashion-showcase-2017\">zde<\/a>.<strong><br \/>\n<\/strong><\/p>\n<\/div>\n","protected":false},"excerpt":{"rendered":"<p>There\u2019s only you je v\u00fdstava student\u016f a absolvent\u016f pra\u017esk\u00e9 Vysok\u00e9 \u0161koly um\u011bleckopr\u016fmyslov\u00e9 v Praze (UMPRUM),<\/p>\n","protected":false},"author":1,"featured_media":5940,"comment_status":"closed","ping_status":"closed","sticky":false,"template":"","format":"standard","meta":{"ngg_post_thumbnail":0,"footnotes":""},"categories":[1],"tags":[],"class_list":["post-5939","post","type-post","status-publish","format-standard","has-post-thumbnail","hentry","category-akce-velehradu"],"post_mailing_queue_ids":[],"_links":{"self":[{"href":"http:\/\/www.velehrad.org.uk\/index.php?rest_route=\/wp\/v2\/posts\/5939","targetHints":{"allow":["GET"]}}],"collection":[{"href":"http:\/\/www.velehrad.org.uk\/index.php?rest_route=\/wp\/v2\/posts"}],"about":[{"href":"http:\/\/www.velehrad.org.uk\/index.php?rest_route=\/wp\/v2\/types\/post"}],"author":[{"embeddable":true,"href":"http:\/\/www.velehrad.org.uk\/index.php?rest_route=\/wp\/v2\/users\/1"}],"replies":[{"embeddable":true,"href":"http:\/\/www.velehrad.org.uk\/index.php?rest_route=%2Fwp%2Fv2%2Fcomments&post=5939"}],"version-history":[{"count":1,"href":"http:\/\/www.velehrad.org.uk\/index.php?rest_route=\/wp\/v2\/posts\/5939\/revisions"}],"predecessor-version":[{"id":5941,"href":"http:\/\/www.velehrad.org.uk\/index.php?rest_route=\/wp\/v2\/posts\/5939\/revisions\/5941"}],"wp:featuredmedia":[{"embeddable":true,"href":"http:\/\/www.velehrad.org.uk\/index.php?rest_route=\/wp\/v2\/media\/5940"}],"wp:attachment":[{"href":"http:\/\/www.velehrad.org.uk\/index.php?rest_route=%2Fwp%2Fv2%2Fmedia&parent=5939"}],"wp:term":[{"taxonomy":"category","embeddable":true,"href":"http:\/\/www.velehrad.org.uk\/index.php?rest_route=%2Fwp%2Fv2%2Fcategories&post=5939"},{"taxonomy":"post_tag","embeddable":true,"href":"http:\/\/www.velehrad.org.uk\/index.php?rest_route=%2Fwp%2Fv2%2Ftags&post=5939"}],"curies":[{"name":"wp","href":"https:\/\/api.w.org\/{rel}","templated":true}]}}