{"id":5949,"date":"2017-02-10T16:54:46","date_gmt":"2017-02-10T14:54:46","guid":{"rendered":"http:\/\/www.velehrad.org.uk\/?p=5949"},"modified":"2017-02-10T16:57:10","modified_gmt":"2017-02-10T14:57:10","slug":"alois-nebel-debata-s-tomasem-lunakem","status":"publish","type":"post","link":"http:\/\/www.velehrad.org.uk\/?p=5949","title":{"rendered":"Alois Nebel + debata s Tom\u00e1\u0161em Lu\u0148\u00e1kem 28.2.2017 18:15"},"content":{"rendered":"<div id=\"main\">\n<div id=\"maincol\">\n<div id=\"contentContainer\">\n<div id=\"content\">\n<div id=\"eventDetail\"><strong>P\u00ed\u0161e se rok 1989 v Sudetech pobl\u00ed\u017e \u010desko-polsk\u00e9 hranice. Kdykoli na kraj padne mlha, samot\u00e1\u0159sk\u00fd v\u00fdprav\u010d\u00ed Alois Nebel je pron\u00e1sledov\u00e1n st\u00ednem m\u00edstn\u00ed i vlastn\u00ed temn\u00e9 historie.<br \/>\n<\/strong><br \/>\n<!--more--><\/div>\n<div>\n<div class=\"content\">\n<p>Re\u017eis\u00e9r <strong>Tom\u00e1\u0161 Lu\u0148\u00e1k <\/strong>vytvo\u0159il ponurou atmosf\u00e9ru filmu na z\u00e1klad\u011b adaptace kni\u017en\u00ed trilogie <strong>Jaroslava Rudi\u0161e<\/strong> a <strong>Jarom\u00edra<\/strong> <strong>99<\/strong> za pou\u017eit\u00ed rotoskopie p\u0159en\u00e1\u0161ej\u00edc\u00ed grafi\u010dnost origin\u00e1lu na pl\u00e1tno. Kombinace odst\u00edn\u016f \u010dern\u00e9, b\u00edl\u00e9 a \u0161ed\u00e9, noirov\u00fd n\u00e1dech a tajupln\u00fd sc\u00e9n\u00e1\u0159 div\u00e1ka vskutku vt\u00e1hnou do d\u011bje rozkr\u00fdvaj\u00edc\u00edho z\u00e1hadn\u00fd labyrint ud\u00e1lost\u00ed sou\u010dasn\u00fdch i minul\u00fdch.<\/p>\n<p>N\u00e1sleduje debata s <strong>Tom\u00e1\u0161em Lu\u0148\u00e1kem <\/strong>moderovan\u00e1 re\u017eis\u00e9rem<strong> Jonathanem Hodsonem <\/strong>ocen\u011bn\u00fdm za animaci cenou na presti\u017en\u00ed BAFTA<strong> . <\/strong><\/p>\n<p><em>\u010cesk\u00e1 republika\/Slovensko\/N\u011bmecko 2011 Tom\u00e1\u0161 Lu\u0148\u00e1k 84 min<\/em><\/p>\n<p><a href=\"http:\/\/www.barbican.org.uk\/film\/event-detail.asp?id=20592&amp;pg=10990\">Informace<\/a> o vstupenk\u00e1ch<\/p>\n<p><a href=\"http:\/\/www.barbican.org.uk\/film\/event-detail.asp?id=20592&amp;pg=10990\">Online<\/a> rezervace<br \/>\nToto prom\u00edt\u00e1n\u00ed je sou\u010d\u00e1st\u00ed\u00a0\u00a0<strong><a href=\"http:\/\/www.barbican.org.uk\/film\/series.asp?ID=1625\">The Craft of Film<\/a><\/strong><br \/>\nProm\u00edt\u00e1n\u00ed v\u00fdzna\u010dn\u00fdch evrosk\u00fdch film\u016f a p\u0159edn\u00e1\u0161ek od p\u0159edn\u00edch filma\u0159\u016f za \u00fa\u010delem zviditeln\u011bn\u00ed filma\u0159sk\u00e9ho \u0159emesla.<\/p>\n<p>22. &#8211; 28. \u00fanora, Barbican.<\/p>\n<p>Za podpory Zastoupeni Evropsk\u00e9 komise ve Velk\u00e9 Brit\u00e1nii<\/p>\n<\/div>\n<\/div>\n<\/div>\n<\/div>\n<\/div>\n<\/div>\n","protected":false},"excerpt":{"rendered":"<p>P\u00ed\u0161e se rok 1989 v Sudetech pobl\u00ed\u017e \u010desko-polsk\u00e9 hranice. Kdykoli na kraj padne mlha, samot\u00e1\u0159sk\u00fd v\u00fdprav\u010d\u00ed Alois Nebel je pron\u00e1sledov\u00e1n st\u00ednem m\u00edstn\u00ed i vlastn\u00ed temn\u00e9 historie.<\/p>\n","protected":false},"author":1,"featured_media":5950,"comment_status":"closed","ping_status":"closed","sticky":false,"template":"","format":"standard","meta":{"ngg_post_thumbnail":0,"footnotes":""},"categories":[1],"tags":[],"class_list":["post-5949","post","type-post","status-publish","format-standard","has-post-thumbnail","hentry","category-akce-velehradu"],"post_mailing_queue_ids":[],"_links":{"self":[{"href":"http:\/\/www.velehrad.org.uk\/index.php?rest_route=\/wp\/v2\/posts\/5949","targetHints":{"allow":["GET"]}}],"collection":[{"href":"http:\/\/www.velehrad.org.uk\/index.php?rest_route=\/wp\/v2\/posts"}],"about":[{"href":"http:\/\/www.velehrad.org.uk\/index.php?rest_route=\/wp\/v2\/types\/post"}],"author":[{"embeddable":true,"href":"http:\/\/www.velehrad.org.uk\/index.php?rest_route=\/wp\/v2\/users\/1"}],"replies":[{"embeddable":true,"href":"http:\/\/www.velehrad.org.uk\/index.php?rest_route=%2Fwp%2Fv2%2Fcomments&post=5949"}],"version-history":[{"count":2,"href":"http:\/\/www.velehrad.org.uk\/index.php?rest_route=\/wp\/v2\/posts\/5949\/revisions"}],"predecessor-version":[{"id":5952,"href":"http:\/\/www.velehrad.org.uk\/index.php?rest_route=\/wp\/v2\/posts\/5949\/revisions\/5952"}],"wp:featuredmedia":[{"embeddable":true,"href":"http:\/\/www.velehrad.org.uk\/index.php?rest_route=\/wp\/v2\/media\/5950"}],"wp:attachment":[{"href":"http:\/\/www.velehrad.org.uk\/index.php?rest_route=%2Fwp%2Fv2%2Fmedia&parent=5949"}],"wp:term":[{"taxonomy":"category","embeddable":true,"href":"http:\/\/www.velehrad.org.uk\/index.php?rest_route=%2Fwp%2Fv2%2Fcategories&post=5949"},{"taxonomy":"post_tag","embeddable":true,"href":"http:\/\/www.velehrad.org.uk\/index.php?rest_route=%2Fwp%2Fv2%2Ftags&post=5949"}],"curies":[{"name":"wp","href":"https:\/\/api.w.org\/{rel}","templated":true}]}}