{"id":5959,"date":"2017-02-11T14:59:22","date_gmt":"2017-02-11T12:59:22","guid":{"rendered":"http:\/\/www.velehrad.org.uk\/?p=5959"},"modified":"2017-02-11T14:59:22","modified_gmt":"2017-02-11T12:59:22","slug":"od-velkych-soch-v-indii-po-ruzove-namestie-v-taliansku-vytvarnik-architekt-a-urbanista-petr-fink","status":"publish","type":"post","link":"http:\/\/www.velehrad.org.uk\/?p=5959","title":{"rendered":"Od ve\u013ek\u00fdch s\u00f4ch v Indii po ru\u017eov\u00e9 n\u00e1mestie v Taliansku. V\u00fdtvarn\u00edk, architekt a urbanista Petr Fink"},"content":{"rendered":"<p>SVU v sobotu 25.2. 2017 o 2 pm na 74 West End Lane v N\u00e1rodnom dome. Budete ma\u0165 pr\u00edle\u017eitos\u0165 sa zozn\u00e1mi\u0165 s \u010fal\u0161\u00edm ve\u013emi \u00faspe\u0161n\u00fdm \u010desko-britsk\u00fdm umelcom.<\/p>\n<p><!--more--><br \/>\nSoch\u00e1r, architekt a urbanista Petr Fink si za svoje odv\u00e1\u017ene projekty za posledn\u00fdch 30 rokov odniesol, ak som to dobre spo\u010d\u00edtala, sedemn\u00e1s\u0165 (a mo\u017eno viac) medzin\u00e1rodn\u00fdch cien. \u010eal\u0161iu by asi mal ma\u0165 za diplomaciu, preto\u017ee o praktickosti svojich n\u00e1padov medzi in\u00fdmi presvied\u010dal &#8211; d\u00fafam, \u017ee \u00faspe\u0161ne &#8211; Indiru Gandhi a americk\u00e9ho admir\u00e1la Tichomorskej flotily. A cenu by si zasl\u00fa\u017eil aj za soci\u00e1lne c\u00edtenie, ke\u010f\u017ee pomohol Lond\u00fdnskej \u0161kole pre postihnut\u00e9 deti vytvori\u0165 ihrisko \u0161it\u00e9 na ich potreby. Vo svojej predn\u00e1\u0161ke n\u00e1s obozn\u00e1mi so svojim projektmi, od s\u00f4ch cez z\u00e1hrady, n\u00e1mestia a\u017e po sveteln\u00fa \u00fapravu mrakodrapov, ktor\u00e9 zdobia najrozli\u010dnej\u0161ie k\u00faty sveta.<\/p>\n<p>Petr je prototyp britsk\u00e9ho \u010cecha, alebo \u010desk\u00e9ho Brita: s\u00edce sa narodil v Lond\u00fdne, ale vyr\u00e1stol v socialistickom \u010ceskoslovensku, kde ako ka\u017ed\u00fd \u0161tudoval techniku &#8211; presnej\u0161ie, stavebn\u00e9 in\u017einierstvo. Rok odchodu do Brit\u00e1nie v\u00e1m mus\u00ed prezradi\u0165 s\u00e1m, ja iba viem, \u017ee tu \u0161tudoval soch\u00e1rstvo na St Martin&#8217;s School of Art a potom filozofiu na lond\u00fdnskej univerzite a v\u0161etko to sk\u013abil do &#8220;art-land&#8221;. Pozn\u00e1te ho pod\u013ea oran\u017eov\u00fdch alebo fialov\u00fdch okuliarov a jeho motta, \u017ee &#8220;Um\u011bn\u00ed s\u00edce sv\u011bt nezm\u011bn\u00ed, kdyby v\u0161ak chyb\u011blo \u2013 jak by se zm\u011bnil sv\u011bt&#8221;.<\/p>\n<p>E\u0161te raz, \u010das:<br \/>\nSobota 25.febru\u00e1ra 2017 o 2p.m.<\/p>\n<p>Miesto:<br \/>\nN\u00e1rodn\u00fd dom<br \/>\n74 West End Lane<br \/>\nWest Hampstead<br \/>\nLondon NW6 2LX<\/p>\n<p>Najbli\u017e\u0161ia stanica metra West Hampstead na Jubilee Line. Parkovanie v sobotu poobede v pri\u013eahl\u00fdch uli\u010dk\u00e1ch zadarmo.<\/p>\n<p>Te\u0161\u00edme sa na v\u00e1s.<\/p>\n<p>Vedenie SVU<\/p>\n<p>Bud\u00faci mesiac: Znovu egyptol\u00f3gia. V sobotu 25. marca o druhej v\u00e1s egyptologi\u010dka Zuzana Bojto\u0161ov\u00e1, ktor\u00e1 Egypt ve\u013emi dobre pozn\u00e1 a sama organizuje cesty po \u0148om, virtu\u00e1lne povedie po jeho najzauj\u00edmavej\u0161\u00edch pamiatkach.<\/p>\n","protected":false},"excerpt":{"rendered":"<p>SVU v sobotu 25.2. 2017 o 2 pm na 74 West End Lane v N\u00e1rodnom dome. Budete ma\u0165 pr\u00edle\u017eitos\u0165 sa zozn\u00e1mi\u0165 s \u010fal\u0161\u00edm ve\u013emi \u00faspe\u0161n\u00fdm \u010desko-britsk\u00fdm umelcom.<\/p>\n","protected":false},"author":1,"featured_media":5960,"comment_status":"closed","ping_status":"closed","sticky":false,"template":"","format":"standard","meta":{"ngg_post_thumbnail":0,"footnotes":""},"categories":[1],"tags":[],"class_list":["post-5959","post","type-post","status-publish","format-standard","has-post-thumbnail","hentry","category-akce-velehradu"],"post_mailing_queue_ids":[],"_links":{"self":[{"href":"http:\/\/www.velehrad.org.uk\/index.php?rest_route=\/wp\/v2\/posts\/5959","targetHints":{"allow":["GET"]}}],"collection":[{"href":"http:\/\/www.velehrad.org.uk\/index.php?rest_route=\/wp\/v2\/posts"}],"about":[{"href":"http:\/\/www.velehrad.org.uk\/index.php?rest_route=\/wp\/v2\/types\/post"}],"author":[{"embeddable":true,"href":"http:\/\/www.velehrad.org.uk\/index.php?rest_route=\/wp\/v2\/users\/1"}],"replies":[{"embeddable":true,"href":"http:\/\/www.velehrad.org.uk\/index.php?rest_route=%2Fwp%2Fv2%2Fcomments&post=5959"}],"version-history":[{"count":1,"href":"http:\/\/www.velehrad.org.uk\/index.php?rest_route=\/wp\/v2\/posts\/5959\/revisions"}],"predecessor-version":[{"id":5961,"href":"http:\/\/www.velehrad.org.uk\/index.php?rest_route=\/wp\/v2\/posts\/5959\/revisions\/5961"}],"wp:featuredmedia":[{"embeddable":true,"href":"http:\/\/www.velehrad.org.uk\/index.php?rest_route=\/wp\/v2\/media\/5960"}],"wp:attachment":[{"href":"http:\/\/www.velehrad.org.uk\/index.php?rest_route=%2Fwp%2Fv2%2Fmedia&parent=5959"}],"wp:term":[{"taxonomy":"category","embeddable":true,"href":"http:\/\/www.velehrad.org.uk\/index.php?rest_route=%2Fwp%2Fv2%2Fcategories&post=5959"},{"taxonomy":"post_tag","embeddable":true,"href":"http:\/\/www.velehrad.org.uk\/index.php?rest_route=%2Fwp%2Fv2%2Ftags&post=5959"}],"curies":[{"name":"wp","href":"https:\/\/api.w.org\/{rel}","templated":true}]}}