{"id":5981,"date":"2014-09-25T13:27:07","date_gmt":"2014-09-25T11:27:07","guid":{"rendered":"http:\/\/www.velehrad.org.uk\/?p=5981"},"modified":"2017-02-14T13:32:45","modified_gmt":"2017-02-14T11:32:45","slug":"shrnuti-informaci-o-nove-budove-velehradu-v-londynske-ctvrti-barnes","status":"publish","type":"post","link":"http:\/\/www.velehrad.org.uk\/?p=5981","title":{"rendered":"Shrnut\u00ed informac\u00ed o nov\u00e9 budov\u011b Velehradu v Lond\u00fdnsk\u00e9 \u010dtvrti Barnes."},"content":{"rendered":"<p>D\u016fm na rozs\u00e1hl\u00e9m pozemku m\u00e1 t\u0159i \u010d\u00e1sti (viktori\u00e1nskou &#8220;vilu&#8221;, p\u0159estav\u011bn\u00fd &#8220;coach house&#8221; a mezi tyto dva objekty vestav\u011bnou halu). Budovy, jejich  p\u0159\u00edslu\u0161enstv\u00ed a zvl\u00e1\u0161t\u011b pak jejich potenci\u00e1l, to v\u0161e je mimo\u0159\u00e1dn\u011b vhodn\u00e9 pro &#8220;spolkov\u00e9&#8221; \u00fa\u010dely a to z mnoha d\u016fvod\u016f: jsou historicky za\u0159azeny do &#8220;spr\u00e1vn\u00e9&#8221; kategorie z hlediska \u00fazemn\u00edho pl\u00e1nu (po osm des\u00edtek let, byly prostory pou\u017e\u00edv\u00e1ny jinou charitativn\u00ed organizac\u00ed). Jsou zde m\u00edstnosti, kter\u00e9 se hod\u00ed pro shroma\u017e\u010fov\u00e1n\u00ed des\u00edtek a\u017e stovek osob, maj\u00ed zna\u010dnou estetickou hodnotu a nach\u00e1z\u00ed se v p\u0159\u00edjemn\u00e9m a poklidn\u00e9m prost\u0159ed\u00ed kultivovan\u00e9 reziden\u010dn\u00ed \u010dtvrti. Je zde dobr\u00e1 dopravn\u00ed dostupnost: p\u011b\u0161ky lze v \u0159\u00e1du deseti minut k domu dorazit z centra Hammersmithu, kde se k\u0159i\u017euje mno\u017estv\u00ed linek Undergroundu i autobus\u016f. Od metra Hammersmith tak\u00e9 jede autobus, kter\u00fd za p\u00e1r minut zastav\u00ed p\u0159\u00edmo p\u0159ed domem. Je zde mo\u017enost parkov\u00e1n\u00ed mnoha aut na pozemku i p\u0159ed n\u00edm. Prvn\u00ed starost\u00ed, kterou je\u0161t\u011b vyhrotil extr\u00e9mn\u011b de\u0161tiv\u00fd po\u010d\u00e1tek leto\u0161n\u00edho roku, bylo opravit st\u0159echu na hlavn\u00ed budov\u011b. Prob\u011bhla nab\u00eddkov\u00e1 \u0159\u00edzen\u00ed na obnovu st\u0159echy a na dod\u00e1vku le\u0161en\u00ed (v\u010detn\u011b &#8220;baldach\u00fdnu&#8221; &#8211; do\u010dasn\u00e9 ochrann\u00e9 st\u0159echy nad budovou). V\u00fdsledkem je nyn\u00ed nov\u00e1 krytina na st\u0159e\u0161e budovy. Abychom vyu\u017eili le\u0161en\u00ed kolem hlavn\u00ed budovy, provedli jsme rovn\u011b\u017e opravy a \u010di\u0161t\u011bn\u00ed fas\u00e1d a nezbytn\u00e9 opravy oken a okap\u016f. Tyto pr\u00e1ce ji\u017e skon\u010dily a prob\u011bhla i demont\u00e1\u017e a odvoz le\u0161en\u00ed.Dal\u0161\u00ed nutnost\u00ed bylo odstran\u011bn\u00ed p\u0159est\u00e1rl\u00fdch a nevhodn\u00fdch strom\u016f a k\u0159ovin v p\u0159edn\u00ed i zadn\u00ed zahrad\u011b a tato pr\u00e1ce byla v l\u00e9t\u011b dokon\u010dena.Z\u00e1rove\u0148 prob\u00edhalo \u0159e\u0161en\u00ed n\u00e1vrhu vnit\u0159n\u00edch \u00faprav, v\u010detn\u011b dopln\u011bn\u00ed chyb\u011bj\u00edc\u00edho nezbytn\u00e9ho p\u0159\u00edstupu pro invalidy. Ve spolupr\u00e1ci s vybran\u00fdm architektem jsme dosp\u011bli ke shod\u011b o pot\u0159ebn\u00fdch \u00faprav\u00e1ch. V\u00fdsledn\u00e1 schemata architekt zpracoval do n\u011bkolika &#8220;bal\u00ed\u010dk\u016f&#8221; pro \u00fa\u010dely \u017e\u00e1dosti pro &#8220;planning consent&#8221;. V sou\u010dasn\u00e9 dob\u011b jsou tyto \u017e\u00e1dosti v rukou p\u0159\u00edslu\u0161n\u00e9ho \u00fa\u0159adu. Z\u00e1rove\u0148 s prob\u00edhaj\u00edc\u00edm \u00fazemn\u00edm \u0159\u00edzen\u00edm se rozpracov\u00e1v\u00e1 dokumentace (podrobn\u00e9 v\u00fdkresy a specifikace) pro tendr na stavebn\u00ed a instala\u010dn\u00ed dod\u00e1vku. Tato dokumentace bude p\u0159ed\u00e1na potenci\u00e1ln\u00edm dodavatel\u016fm jakmile obdr\u017e\u00edme schv\u00e1len\u00ed na\u0161ich n\u00e1vrh\u016f. Sou\u010dasn\u00fd harmonogram p\u0159edpokl\u00e1d\u00e1, \u017ee hlavn\u00ed dodavatel bude vybr\u00e1n p\u0159ed V\u00e1noci. Stavebn\u00ed pr\u00e1ce se maj\u00ed rozjet co nejd\u0159\u00edve po Nov\u00e9m Roce a jejich dokon\u010den\u00ed se, za t\u011bchto p\u0159edpoklad\u016f, uskute\u010dn\u00ed v druh\u00e9 polovin\u011b p\u0159\u00ed\u0161t\u00edho roku. Ne\u017e bude nov\u00fd d\u016fm opraven, budou se aktivity Velehradu nad\u00e1le po\u0159\u00e1dat v pronajat\u00fdch prostor\u00e1ch, nap\u0159\u00edklad v budov\u011b lond\u00fdnsk\u00e9 University \u201cHeythrop College\u201d (zde se pravideln\u011b konaj\u00ed i \u010desk\u00e9 bohoslu\u017eby ve vedlej\u0161\u00ed kapli Maria Assumpta ) v centru Lond\u00fdna na Kensington Square. Dal\u0161\u00ed informace najdete na na\u0161ich vebov\u00fdch str\u00e1nk\u00e1ch <b><i>www.velehrad.org.uk<\/i><\/b> \t<i>Za Spr\u00e1vn\u00ed radu Charity VELEHRAD LONDON, ing. Anton\u00edn St\u00e1n\u011b-Trustee<\/i><\/p>\n","protected":false},"excerpt":{"rendered":"<p>D\u016fm na rozs\u00e1hl\u00e9m pozemku m\u00e1 t\u0159i \u010d\u00e1sti (viktori\u00e1nskou &#8220;vilu&#8221;, p\u0159estav\u011bn\u00fd &#8220;coach house&#8221; a mezi tyto dva objekty vestav\u011bnou halu). Budovy, jejich p\u0159\u00edslu\u0161enstv\u00ed a zvl\u00e1\u0161t\u011b pak jejich potenci\u00e1l, to v\u0161e je mimo\u0159\u00e1dn\u011b vhodn\u00e9 pro &#8220;spolkov\u00e9&#8221; \u00fa\u010dely a to z mnoha d\u016fvod\u016f: jsou historicky za\u0159azeny do &#8220;spr\u00e1vn\u00e9&#8221; kategorie&hellip; <a class=\"read-more-link\" href=\"http:\/\/www.velehrad.org.uk\/?p=5981\">\u010ct\u011bte v\u00edce<\/a><\/p>\n","protected":false},"author":1,"featured_media":0,"comment_status":"closed","ping_status":"closed","sticky":false,"template":"","format":"standard","meta":{"ngg_post_thumbnail":0,"footnotes":""},"categories":[20],"tags":[],"class_list":["post-5981","post","type-post","status-publish","format-standard","hentry","category-novinky"],"post_mailing_queue_ids":[],"_links":{"self":[{"href":"http:\/\/www.velehrad.org.uk\/index.php?rest_route=\/wp\/v2\/posts\/5981","targetHints":{"allow":["GET"]}}],"collection":[{"href":"http:\/\/www.velehrad.org.uk\/index.php?rest_route=\/wp\/v2\/posts"}],"about":[{"href":"http:\/\/www.velehrad.org.uk\/index.php?rest_route=\/wp\/v2\/types\/post"}],"author":[{"embeddable":true,"href":"http:\/\/www.velehrad.org.uk\/index.php?rest_route=\/wp\/v2\/users\/1"}],"replies":[{"embeddable":true,"href":"http:\/\/www.velehrad.org.uk\/index.php?rest_route=%2Fwp%2Fv2%2Fcomments&post=5981"}],"version-history":[{"count":1,"href":"http:\/\/www.velehrad.org.uk\/index.php?rest_route=\/wp\/v2\/posts\/5981\/revisions"}],"predecessor-version":[{"id":5982,"href":"http:\/\/www.velehrad.org.uk\/index.php?rest_route=\/wp\/v2\/posts\/5981\/revisions\/5982"}],"wp:attachment":[{"href":"http:\/\/www.velehrad.org.uk\/index.php?rest_route=%2Fwp%2Fv2%2Fmedia&parent=5981"}],"wp:term":[{"taxonomy":"category","embeddable":true,"href":"http:\/\/www.velehrad.org.uk\/index.php?rest_route=%2Fwp%2Fv2%2Fcategories&post=5981"},{"taxonomy":"post_tag","embeddable":true,"href":"http:\/\/www.velehrad.org.uk\/index.php?rest_route=%2Fwp%2Fv2%2Ftags&post=5981"}],"curies":[{"name":"wp","href":"https:\/\/api.w.org\/{rel}","templated":true}]}}