{"id":5985,"date":"2014-01-22T13:35:52","date_gmt":"2014-01-22T11:35:52","guid":{"rendered":"http:\/\/www.velehrad.org.uk\/?p=5985"},"modified":"2017-02-14T13:38:31","modified_gmt":"2017-02-14T11:38:31","slug":"dustojna-pripominka-obeti-jana-palacha-na-kensington-square","status":"publish","type":"post","link":"http:\/\/www.velehrad.org.uk\/?p=5985","title":{"rendered":"D\u016fstojn\u00e1 p\u0159ipom\u00ednka ob\u011bti Jana Palacha na Kensington Square"},"content":{"rendered":"<p>V ned\u011bli 19.ledna, v den v\u00fdro\u010d\u00ed smrti studenta Jana Palacha, se, jako tradi\u010dn\u011b, konala na\u0161e lond\u00fdnsk\u00e1 vzpom\u00ednka na jeho z\u00e1palnou ob\u011b\u0165. Tentokr\u00e1t v prostor\u00e1ch Heythrop College na Kensington Square, kde se na\u0161e komunita, jak zn\u00e1mo, sch\u00e1z\u00ed dvakr\u00e1t m\u011bs\u00ed\u010dn\u011b po bohoslu\u017eb\u00e1ch ve vedlej\u0161\u00ed kapli. M\u0161i celebroval Otec Radek z \u0158\u00edma, se\u0161lo se na p\u011bt des\u00edtek krajan\u016f a b\u011bhem odpoledne do \u010dtvrt\u00e9 hodiny, kdy m\u011bla vzpom\u00ednka ofici\u00e1ln\u011b za\u010d\u00edt, se jejich po\u010det b\u011bhem ob\u010derstven\u00ed p\u0159ipraven\u00e9ho spr\u00e1vn\u00ed radou velehradsk\u00e9 charity zv\u00fd\u0161il a\u017e ke stovce. <\/p>\n<p>Palachovsk\u00e1 vzpom\u00ednka se tedy poprve nekonala p\u0159ed plastikou Franty B\u011blsk\u00e9ho na dosavadn\u00ed budov\u011b Velehradu, kter\u00fd byl vzhledem ke zch\u00e1tralosti konstrukce prod\u00e1n a plastika ulo\u017eena a\u017e do doby ukon\u010den\u00ed oprav nov\u011b zakoupen\u00e9 budovy s velkou zahradou nedaleko mostu Hammersmith Bridge pobl\u00ed\u017e stejnojmenn\u00e9 stanice metra, co\u017e v\u0161e p\u0159ipomn\u011bl na uv\u00edtanou za spr\u00e1vn\u00ed radu charity ing. Anton\u00edn St\u00e1n\u011b. Dodal, \u017ee nov\u00e1 budova Velehradu se u\u017e opravuje, pot\u00e9, co byl 8.ledna ukon\u010den proces jej\u00edho zakoupen\u00ed. Ing. St\u00e1n\u011b tak\u00e9 p\u0159ipomn\u011bl, \u017ee spr\u00e1vn\u00ed radu a pomocn\u00edky z \u0159ad krajan\u016f \u010dek\u00e1 velk\u00fd kus pr\u00e1ce p\u0159i modernizaci a \u00faprav\u00e1ch, v\u010detn\u011b zahrady, p\u0159i\u010dem\u017e vyzval krajany k pomoci, jak jen to dovol\u00ed ukon\u010den\u00ed \u00faprav a po\u010das\u00ed. Zopakoval pak to, co u\u017e zde uvedl v minul\u00e9m \u010d\u00edsle, \u017ee toti\u017e douf\u00e1, \u017ee se v nov\u00fdch prostor\u00e1ch poda\u0159\u00ed zorganizovat bohat\u00fd program \u010dinnosti (v\u010detn\u011b koncert\u016f, v\u00fdstav, p\u0159edn\u00e1\u0161ek, filmov\u00fdch p\u0159edstaven\u00ed, \u010desk\u00e9 \u0161koli\u010dky, jazykov\u00fdch \u010di v\u00fdtvarn\u00fdch kurz\u016f, n\u00e1bo\u017eensk\u00e9 v\u00fduky, skautingu, setk\u00e1v\u00e1n\u00ed star\u0161\u00edch krajan\u016f i maminek s d\u011btmi, divadeln\u00edch p\u0159edstaven\u00ed, p\u011bveck\u00e9ho sboru atd). <\/p>\n<p>Ing. St\u00e1n\u011b pak uvedl z\u00e1stupce velvyslance \u010cR dr. Anton\u00edna Hrad\u00edlka, kter\u00fd pod\u011bkoval komunit\u011b za \u0159adu desetilet\u00ed udr\u017eov\u00e1n\u00ed pam\u00e1tky Janovy ob\u011bti a o sv\u00fdch pocitech b\u011bhem jeho poh\u0159bu, o v\u00fdjime\u010dnosti \u010dinu, sp\u00ed\u0161 obvykl\u00e9ho v jihov\u00fdchodn\u00ed Asii a o jej\u00edm nepochopen\u00ed mnoha lidmi. Jan t\u00edm cht\u011bl vyzvat na\u0161e n\u00e1rody, aby nepodl\u00e9haly ,,normalizaci\u2018\u2018, aby bojovaly d\u00e1l a to m\u00e1me dnes st\u00e1le na mysli. Pak byl prom\u00edtnut kr\u00e1tk\u00fd film z Janova poh\u0159bu z archivu Karlovy univerzity a kr\u00e1tk\u00e1 diskuse, ve kter\u00e9 n\u011bkolik krajan\u016f a Marion Wernerov\u00e1 pohovo\u0159ili o sv\u00fdch z\u00e1\u017eitc\u00edch z t\u00e9 doby a pan\u00ed Marion, kter\u00e1 u\u017e o tom p\u0159edn\u00e1\u0161ela na \u010desk\u00e9m velvyslanectv\u00ed, p\u0159ipomn\u011bla, \u017ee si dodnes p\u00ed\u0161e s Janov\u00fdm bratrem. Na z\u00e1v\u011br jsme uctili pam\u00e1tku Jana minutou ticha. \/jn\/<\/p>\n","protected":false},"excerpt":{"rendered":"<p>V ned\u011bli 19.ledna, v den v\u00fdro\u010d\u00ed smrti studenta Jana Palacha, se, jako tradi\u010dn\u011b, konala na\u0161e lond\u00fdnsk\u00e1 vzpom\u00ednka na jeho z\u00e1palnou ob\u011b\u0165. Tentokr\u00e1t v prostor\u00e1ch Heythrop College na Kensington Square, kde se na\u0161e komunita, jak zn\u00e1mo, sch\u00e1z\u00ed dvakr\u00e1t m\u011bs\u00ed\u010dn\u011b po bohoslu\u017eb\u00e1ch ve vedlej\u0161\u00ed kapli. M\u0161i celebroval Otec&hellip; <a class=\"read-more-link\" href=\"http:\/\/www.velehrad.org.uk\/?p=5985\">\u010ct\u011bte v\u00edce<\/a><\/p>\n","protected":false},"author":1,"featured_media":0,"comment_status":"closed","ping_status":"closed","sticky":false,"template":"","format":"standard","meta":{"ngg_post_thumbnail":0,"footnotes":""},"categories":[1],"tags":[],"class_list":["post-5985","post","type-post","status-publish","format-standard","hentry","category-akce-velehradu"],"post_mailing_queue_ids":[],"_links":{"self":[{"href":"http:\/\/www.velehrad.org.uk\/index.php?rest_route=\/wp\/v2\/posts\/5985","targetHints":{"allow":["GET"]}}],"collection":[{"href":"http:\/\/www.velehrad.org.uk\/index.php?rest_route=\/wp\/v2\/posts"}],"about":[{"href":"http:\/\/www.velehrad.org.uk\/index.php?rest_route=\/wp\/v2\/types\/post"}],"author":[{"embeddable":true,"href":"http:\/\/www.velehrad.org.uk\/index.php?rest_route=\/wp\/v2\/users\/1"}],"replies":[{"embeddable":true,"href":"http:\/\/www.velehrad.org.uk\/index.php?rest_route=%2Fwp%2Fv2%2Fcomments&post=5985"}],"version-history":[{"count":1,"href":"http:\/\/www.velehrad.org.uk\/index.php?rest_route=\/wp\/v2\/posts\/5985\/revisions"}],"predecessor-version":[{"id":5986,"href":"http:\/\/www.velehrad.org.uk\/index.php?rest_route=\/wp\/v2\/posts\/5985\/revisions\/5986"}],"wp:attachment":[{"href":"http:\/\/www.velehrad.org.uk\/index.php?rest_route=%2Fwp%2Fv2%2Fmedia&parent=5985"}],"wp:term":[{"taxonomy":"category","embeddable":true,"href":"http:\/\/www.velehrad.org.uk\/index.php?rest_route=%2Fwp%2Fv2%2Fcategories&post=5985"},{"taxonomy":"post_tag","embeddable":true,"href":"http:\/\/www.velehrad.org.uk\/index.php?rest_route=%2Fwp%2Fv2%2Ftags&post=5985"}],"curies":[{"name":"wp","href":"https:\/\/api.w.org\/{rel}","templated":true}]}}