{"id":5987,"date":"2013-06-06T13:38:46","date_gmt":"2013-06-06T11:38:46","guid":{"rendered":"http:\/\/www.velehrad.org.uk\/?p=5987"},"modified":"2017-02-14T13:41:20","modified_gmt":"2017-02-14T11:41:20","slug":"spravni-rada-informuje-cerven-2013","status":"publish","type":"post","link":"http:\/\/www.velehrad.org.uk\/?p=5987","title":{"rendered":"SPR\u00c1VN\u00cd RADA INFORMUJE &#8211; \u010derven 2013"},"content":{"rendered":"<p>N\u00e1\u0161 Velehrad o 50 let d\u00e1l&#8230;<\/p>\n<p>Dobr\u00fdch zpr\u00e1v nen\u00ed nikdy dost. I proto je velk\u00fdm pot\u011b\u0161en\u00edm, \u017ee nyn\u00ed m\u016f\u017eeme v\u0161em p\u0159\u00e1tel\u016fm sd\u011blit, \u017ee jedn\u00e1ni, kter\u00e1 jsme s pomoc\u00ed pr\u00e1vn\u00edch poradc\u016f na\u0161\u00ed charity vedli posledn\u00ed m\u011bs\u00edce, dosp\u011bla ke konci <i>a <\/i>v minul\u00fdch dnech jsme uzav\u0159eli kupn\u00ed smlouvu na nov\u00fd d\u016fm pro Velehrad. A po ji\u017e proveden\u00e9 ,,c<i>ontract exchange<\/i>&#8221;  nic nestoj\u00ed v cest\u011b tomu, aby se nov\u00fd lond\u00fdnsk\u00fd Velehrad objevil na map\u011b.<br \/>\nSou\u010dasn\u00fd u\u017eivatel domu, um\u011bleck\u00e1 instituce, kter\u00e1 v dom\u011b s\u00eddl\u00ed v\u00edce ne\u017e osmdes\u00e1t let, pot\u0159ebovala \u0161estim\u011bs\u00ed\u010dn\u00ed dobu do ,,<i>completion<\/i>&#8221; (term\u00edn pro fyzick\u00e9 <i>p\u0159ed\u00e1n\u00ed nemovitosti<\/i>). M\u00e1me tedy \u010das nejen k tomu, abychom se m\u011bli na co t\u011b\u0161it, ale zejm\u00e9na k tomu, abychom napl\u00e1novali a p\u0159ipravili \u00fapravy a dal\u0161\u00ed pr\u00e1ce, kter\u00e9 jsou nutn\u00e9 k tomu, aby d\u016fm optim\u00e1ln\u011b slou\u017eil sv\u00e9mu nov\u00e9mu \u00fa\u010delu. V mezidob\u00ed, kdy po zbytek tohoto roku a prvn\u00ed \u010d\u00e1st 2014 nem\u00e1me pro velehradsk\u00e9 a dal\u0161\u00ed aktivity vlastn\u00ed st\u0159echu nad hlavou, <i>se poda\u0159ilo naj\u00edt velmi <\/i>p\u0159\u00edjemnou do\u010dasnou n\u00e1hradu: Heythrop  College na Kensington Square (velmi bl\u00edzko stanice metra High <i>Street Kensington)<\/i>. Zde jsme v posledn\u00edch m\u011bs\u00edc\u00edch uskute\u010dnili ji\u017e n\u011bkolik setk\u00e1n\u00ed a v p\u0159ilehl\u00e9 kapli prob\u011bhla \u0159ada \u010desk\u00fdch ned\u011bln\u00edch m\u0161\u00ed. V t\u011bchto prostor\u00e1ch budou aktivity pokra\u010dovat a pl\u00e1nujeme tam i tradi\u010dn\u00ed slavnosti: Svatov\u00e1clavskou v z\u00e1\u0159\u00ed a Mikul\u00e1\u0161skou v prosinci. P\u0159\u00ed\u0161t\u00ed rok tomu bude pr\u00e1v\u011b p\u016fl stolet\u00ed od doby, kdy Otec Lang s dal\u0161\u00edmi p\u0159\u00e1teli z\u00edskali pro \u010deskoslovenskou exilovou komunitu d\u016fm v (tehdy) chud\u00e9 \u010dtvrti Notting Hill. Jak l\u00e9pe oslavit toto v\u00fdro\u010d\u00ed, ne\u017eli t\u00edm, \u017ee na\u0161e velehradsk\u00e1 charita z\u00edsk\u00e1 pro krajany kr\u00e1snou budovu (s velkou zahradou a v n\u00e1dhern\u00e9 \u010dtvrti Lond\u00fdna),  kter\u00e1 pro spole\u010densk\u00fd a kulturn\u00ed \u017eivot na\u0161\u00ed krajansk\u00e9 komunity nab\u00eddne  zcela nov\u00e9 mo\u017enosti.   \/ajs\/<\/p>\n","protected":false},"excerpt":{"rendered":"<p>N\u00e1\u0161 Velehrad o 50 let d\u00e1l&#8230; Dobr\u00fdch zpr\u00e1v nen\u00ed nikdy dost. I proto je velk\u00fdm pot\u011b\u0161en\u00edm, \u017ee nyn\u00ed m\u016f\u017eeme v\u0161em p\u0159\u00e1tel\u016fm sd\u011blit, \u017ee jedn\u00e1ni, kter\u00e1 jsme s pomoc\u00ed pr\u00e1vn\u00edch poradc\u016f na\u0161\u00ed charity vedli posledn\u00ed m\u011bs\u00edce, dosp\u011bla ke konci a v minul\u00fdch dnech jsme uzav\u0159eli kupn\u00ed smlouvu&hellip; <a class=\"read-more-link\" href=\"http:\/\/www.velehrad.org.uk\/?p=5987\">\u010ct\u011bte v\u00edce<\/a><\/p>\n","protected":false},"author":1,"featured_media":0,"comment_status":"closed","ping_status":"closed","sticky":false,"template":"","format":"standard","meta":{"ngg_post_thumbnail":0,"footnotes":""},"categories":[20],"tags":[],"class_list":["post-5987","post","type-post","status-publish","format-standard","hentry","category-novinky"],"post_mailing_queue_ids":[],"_links":{"self":[{"href":"http:\/\/www.velehrad.org.uk\/index.php?rest_route=\/wp\/v2\/posts\/5987","targetHints":{"allow":["GET"]}}],"collection":[{"href":"http:\/\/www.velehrad.org.uk\/index.php?rest_route=\/wp\/v2\/posts"}],"about":[{"href":"http:\/\/www.velehrad.org.uk\/index.php?rest_route=\/wp\/v2\/types\/post"}],"author":[{"embeddable":true,"href":"http:\/\/www.velehrad.org.uk\/index.php?rest_route=\/wp\/v2\/users\/1"}],"replies":[{"embeddable":true,"href":"http:\/\/www.velehrad.org.uk\/index.php?rest_route=%2Fwp%2Fv2%2Fcomments&post=5987"}],"version-history":[{"count":1,"href":"http:\/\/www.velehrad.org.uk\/index.php?rest_route=\/wp\/v2\/posts\/5987\/revisions"}],"predecessor-version":[{"id":5988,"href":"http:\/\/www.velehrad.org.uk\/index.php?rest_route=\/wp\/v2\/posts\/5987\/revisions\/5988"}],"wp:attachment":[{"href":"http:\/\/www.velehrad.org.uk\/index.php?rest_route=%2Fwp%2Fv2%2Fmedia&parent=5987"}],"wp:term":[{"taxonomy":"category","embeddable":true,"href":"http:\/\/www.velehrad.org.uk\/index.php?rest_route=%2Fwp%2Fv2%2Fcategories&post=5987"},{"taxonomy":"post_tag","embeddable":true,"href":"http:\/\/www.velehrad.org.uk\/index.php?rest_route=%2Fwp%2Fv2%2Ftags&post=5987"}],"curies":[{"name":"wp","href":"https:\/\/api.w.org\/{rel}","templated":true}]}}