{"id":5991,"date":"2013-05-14T13:43:36","date_gmt":"2013-05-14T11:43:36","guid":{"rendered":"http:\/\/www.velehrad.org.uk\/?p=5991"},"modified":"2017-02-14T13:46:09","modified_gmt":"2017-02-14T11:46:09","slug":"aktivity-nasi-komunity-v-budoucnu","status":"publish","type":"post","link":"http:\/\/www.velehrad.org.uk\/?p=5991","title":{"rendered":"AKTIVITY NA\u0160\u00cd KOMUNITY V BUDOUCNU"},"content":{"rendered":"<p><!--StartFragment-->To, \u017ee nebude Velehradsk\u00e1 charita m\u00edt n\u011bjak\u00fd \u010das sv\u016fj vlastn\u00ed d\u016fm neznamen\u00e1, \u017ee se nemohou po\u0159\u00e1dat aktivity a to i jin\u00e9 ne\u017e pastora\u010dn\u00ed. V\u0161ichni Trustees by si moc p\u0159\u00e1li, aby se pod patron\u00e1tem Velehradu konaly p\u0159edn\u00e1\u0161ky, koncerty, diskuse, spole\u010densk\u00e1 setk\u00e1n\u00ed, prom\u00edt\u00e1n\u00ed film\u016f, v\u00fdstavy atd atd. Trustees jsou ochotni zajistit pot\u0159ebn\u00e9 finance a pronajmout prostory. <strong>Ale kdo to zorganizuje?????<\/strong> Jak se \u0159ik\u00e1, dobro\u010dinnosti se meze nekladou a v\u00edte-li o n\u011bkom, kdo by cht\u011bl tyto aktivity organizovat, tak n\u00e1m pros\u00edm dejte v\u011bd\u011bt na <em>info@velehrad.org.uk<\/em> Na opakovan\u00e9 v\u00fdzvy ve Zpravodaji o pomoc jsou bou\u017eel na\u0161i krajan\u00e9 hlu\u0161\u00ed (s vyjimkami, jako je Mirka Mondry, Marta Janitorov\u00e1, D\u011bvana Pavl\u00edkov\u00e1, Virginie a Petr Fab\u00edkovi a ted&#8217; i mlad\u00e1 psycholo\u017eka Kl\u00e1ra Posp\u00ed\u0161il\u00edkov\u00e1 \u2013 ti \u010dasto a ochotn\u011b p\u0159ijdou pomoct). Ale nejv\u011bt\u0161\u00ed pr\u00e1ci a zodpov\u011bdnost za v\u0161e co se kolem Velehradu d\u011bje nesou Trustees (hrab\u011b Czernin, Antonin St\u00e1n\u011b, Marta Tomsk\u00e1) a nejv\u011bt\u0161\u00ed b\u0159emeno fyzick\u00e9 a organiza\u010dn\u00ed pr\u00e1ce nesou zejm\u00e9na Marta Tomsk\u00e1 a Ludmila St\u00e1\u0148ov\u00e1 (honorary secretary Trustees), kter\u00e9 ob\u011btav\u011b a bezplatn\u011b v\u011bnuj\u00ed sv\u016fj \u010das pro dobro velehradsk\u00e9 komunity a sna\u017e\u00ed se pokra\u010dovat v odkazu drah\u00e9ho P.Langa&#8230;.<\/p>\n<p><strong>Vyz\u00fdv\u00e1me krajany<\/strong>: p\u0159idejte se k n\u00e1m a p\u0159ilo\u017ete ruku k d\u00edlu. Aby na\u0161e \u010desko &#8211; slovensk\u00e1 krajansk\u00e1 komunita vzkv\u00e9tala, pot\u0159ebujeme Va\u0161i pomoc!<\/p>\n","protected":false},"excerpt":{"rendered":"<p>To, \u017ee nebude Velehradsk\u00e1 charita m\u00edt n\u011bjak\u00fd \u010das sv\u016fj vlastn\u00ed d\u016fm neznamen\u00e1, \u017ee se nemohou po\u0159\u00e1dat aktivity a to i jin\u00e9 ne\u017e pastora\u010dn\u00ed. V\u0161ichni Trustees by si moc p\u0159\u00e1li, aby se pod patron\u00e1tem Velehradu konaly p\u0159edn\u00e1\u0161ky, koncerty, diskuse, spole\u010densk\u00e1 setk\u00e1n\u00ed, prom\u00edt\u00e1n\u00ed film\u016f, v\u00fdstavy atd atd. Trustees&hellip; <a class=\"read-more-link\" href=\"http:\/\/www.velehrad.org.uk\/?p=5991\">\u010ct\u011bte v\u00edce<\/a><\/p>\n","protected":false},"author":1,"featured_media":0,"comment_status":"closed","ping_status":"closed","sticky":false,"template":"","format":"standard","meta":{"ngg_post_thumbnail":0,"footnotes":""},"categories":[1],"tags":[],"class_list":["post-5991","post","type-post","status-publish","format-standard","hentry","category-akce-velehradu"],"post_mailing_queue_ids":[],"_links":{"self":[{"href":"http:\/\/www.velehrad.org.uk\/index.php?rest_route=\/wp\/v2\/posts\/5991","targetHints":{"allow":["GET"]}}],"collection":[{"href":"http:\/\/www.velehrad.org.uk\/index.php?rest_route=\/wp\/v2\/posts"}],"about":[{"href":"http:\/\/www.velehrad.org.uk\/index.php?rest_route=\/wp\/v2\/types\/post"}],"author":[{"embeddable":true,"href":"http:\/\/www.velehrad.org.uk\/index.php?rest_route=\/wp\/v2\/users\/1"}],"replies":[{"embeddable":true,"href":"http:\/\/www.velehrad.org.uk\/index.php?rest_route=%2Fwp%2Fv2%2Fcomments&post=5991"}],"version-history":[{"count":1,"href":"http:\/\/www.velehrad.org.uk\/index.php?rest_route=\/wp\/v2\/posts\/5991\/revisions"}],"predecessor-version":[{"id":5992,"href":"http:\/\/www.velehrad.org.uk\/index.php?rest_route=\/wp\/v2\/posts\/5991\/revisions\/5992"}],"wp:attachment":[{"href":"http:\/\/www.velehrad.org.uk\/index.php?rest_route=%2Fwp%2Fv2%2Fmedia&parent=5991"}],"wp:term":[{"taxonomy":"category","embeddable":true,"href":"http:\/\/www.velehrad.org.uk\/index.php?rest_route=%2Fwp%2Fv2%2Fcategories&post=5991"},{"taxonomy":"post_tag","embeddable":true,"href":"http:\/\/www.velehrad.org.uk\/index.php?rest_route=%2Fwp%2Fv2%2Ftags&post=5991"}],"curies":[{"name":"wp","href":"https:\/\/api.w.org\/{rel}","templated":true}]}}