{"id":5995,"date":"2013-02-14T13:49:59","date_gmt":"2013-02-14T11:49:59","guid":{"rendered":"http:\/\/www.velehrad.org.uk\/?p=5995"},"modified":"2017-02-14T13:51:25","modified_gmt":"2017-02-14T11:51:25","slug":"uterni-setkavani-maminek-s-detmi-na-velehrade","status":"publish","type":"post","link":"http:\/\/www.velehrad.org.uk\/?p=5995","title":{"rendered":"\u00datern\u00ed setk\u00e1v\u00e1n\u00ed maminek s d\u011btmi na Velehrad\u011b"},"content":{"rendered":"<p>Od ledna tohoto roku se na Velehrad\u011b ust\u00e1lila nov\u00e1 tradice: pravideln\u011b ka\u017ed\u00e9 \u00fater\u00fd se zde sch\u00e1zej\u00ed maminky se sv\u00fdmi d\u011btmi. Setk\u00e1n\u00ed m\u00e1 v\u00edcem\u00e9n\u011b neform\u00e1ln\u00ed charakter. Sejdeme se, pov\u00edd\u00e1me si \u201ejen tak\u201c, d\u011bti si spolu hraj\u00ed nebo si maluj\u00ed. \u00a0Na programu b\u00fdv\u00e1 i pov\u00edd\u00e1n\u00ed psycholo\u017eky Kl\u00e1ry Posp\u00ed\u0161il\u00edkov\u00e9. Zat\u00edm je maminek jen n\u011bkolik, ale douf\u00e1me, \u017ee se \u010dasem p\u0159ipoj\u00ed i dal\u0161\u00ed! Maminky jsou v\u00edt\u00e1ny i samy bez d\u011bt\u00ed, pokud je maj\u00ed zrovna ve \u0161kole nebo \u0161kolce. O programu a term\u00ednech setk\u00e1n\u00ed se do\u010dtete ve Z(S)pravodaji a na vebov\u00e9 str\u00e1nce www.velehrad.org.uk.<\/p>\n","protected":false},"excerpt":{"rendered":"<p>Od ledna tohoto roku se na Velehrad\u011b ust\u00e1lila nov\u00e1 tradice: pravideln\u011b ka\u017ed\u00e9 \u00fater\u00fd se zde sch\u00e1zej\u00ed maminky se sv\u00fdmi d\u011btmi. Setk\u00e1n\u00ed m\u00e1 v\u00edcem\u00e9n\u011b neform\u00e1ln\u00ed charakter. Sejdeme se, pov\u00edd\u00e1me si \u201ejen tak\u201c, d\u011bti si spolu hraj\u00ed nebo si maluj\u00ed. \u00a0Na programu b\u00fdv\u00e1 i pov\u00edd\u00e1n\u00ed psycholo\u017eky Kl\u00e1ry Posp\u00ed\u0161il\u00edkov\u00e9.&hellip; <a class=\"read-more-link\" href=\"http:\/\/www.velehrad.org.uk\/?p=5995\">\u010ct\u011bte v\u00edce<\/a><\/p>\n","protected":false},"author":1,"featured_media":0,"comment_status":"closed","ping_status":"closed","sticky":false,"template":"","format":"standard","meta":{"ngg_post_thumbnail":0,"footnotes":""},"categories":[20],"tags":[],"class_list":["post-5995","post","type-post","status-publish","format-standard","hentry","category-novinky"],"post_mailing_queue_ids":[],"_links":{"self":[{"href":"http:\/\/www.velehrad.org.uk\/index.php?rest_route=\/wp\/v2\/posts\/5995","targetHints":{"allow":["GET"]}}],"collection":[{"href":"http:\/\/www.velehrad.org.uk\/index.php?rest_route=\/wp\/v2\/posts"}],"about":[{"href":"http:\/\/www.velehrad.org.uk\/index.php?rest_route=\/wp\/v2\/types\/post"}],"author":[{"embeddable":true,"href":"http:\/\/www.velehrad.org.uk\/index.php?rest_route=\/wp\/v2\/users\/1"}],"replies":[{"embeddable":true,"href":"http:\/\/www.velehrad.org.uk\/index.php?rest_route=%2Fwp%2Fv2%2Fcomments&post=5995"}],"version-history":[{"count":1,"href":"http:\/\/www.velehrad.org.uk\/index.php?rest_route=\/wp\/v2\/posts\/5995\/revisions"}],"predecessor-version":[{"id":5996,"href":"http:\/\/www.velehrad.org.uk\/index.php?rest_route=\/wp\/v2\/posts\/5995\/revisions\/5996"}],"wp:attachment":[{"href":"http:\/\/www.velehrad.org.uk\/index.php?rest_route=%2Fwp%2Fv2%2Fmedia&parent=5995"}],"wp:term":[{"taxonomy":"category","embeddable":true,"href":"http:\/\/www.velehrad.org.uk\/index.php?rest_route=%2Fwp%2Fv2%2Fcategories&post=5995"},{"taxonomy":"post_tag","embeddable":true,"href":"http:\/\/www.velehrad.org.uk\/index.php?rest_route=%2Fwp%2Fv2%2Ftags&post=5995"}],"curies":[{"name":"wp","href":"https:\/\/api.w.org\/{rel}","templated":true}]}}