{"id":6001,"date":"2015-10-15T23:58:04","date_gmt":"2015-10-15T21:58:04","guid":{"rendered":"http:\/\/www.velehrad.org.uk\/?p=6001"},"modified":"2017-02-15T23:58:24","modified_gmt":"2017-02-15T21:58:24","slug":"prehled-vitezu-emmy-destinn-young-singers-awards-2015","status":"publish","type":"post","link":"http:\/\/www.velehrad.org.uk\/?p=6001","title":{"rendered":"P\u0159ehled v\u00edt\u011bz\u016f Emmy Destinn Young Singers Awards 2015"},"content":{"rendered":"<p>Dne 23. \u0159\u00edjna 2015 se konalo fin\u00e1le p\u011bveck\u00e9 sout\u011b\u017ee. Kdo v\u0161echno si letos odnesl ocen\u011bn\u00ed? V\u00edce informac\u00ed naleznete <a href=\"https:\/\/www.facebook.com\/943002152377949\/photos\/a.952859434725554.1073741830.943002152377949\/1127748130570016\/?type=3&amp;theater\" target=\"_blank\">zde<\/a>.<\/p>\n","protected":false},"excerpt":{"rendered":"<p>Dne 23. \u0159\u00edjna 2015 se konalo fin\u00e1le p\u011bveck\u00e9 sout\u011b\u017ee. Kdo v\u0161echno si letos odnesl ocen\u011bn\u00ed? V\u00edce informac\u00ed naleznete zde.<\/p>\n","protected":false},"author":1,"featured_media":0,"comment_status":"closed","ping_status":"closed","sticky":false,"template":"","format":"standard","meta":{"ngg_post_thumbnail":0,"footnotes":""},"categories":[1],"tags":[],"class_list":["post-6001","post","type-post","status-publish","format-standard","hentry","category-akce-velehradu"],"post_mailing_queue_ids":[],"_links":{"self":[{"href":"http:\/\/www.velehrad.org.uk\/index.php?rest_route=\/wp\/v2\/posts\/6001","targetHints":{"allow":["GET"]}}],"collection":[{"href":"http:\/\/www.velehrad.org.uk\/index.php?rest_route=\/wp\/v2\/posts"}],"about":[{"href":"http:\/\/www.velehrad.org.uk\/index.php?rest_route=\/wp\/v2\/types\/post"}],"author":[{"embeddable":true,"href":"http:\/\/www.velehrad.org.uk\/index.php?rest_route=\/wp\/v2\/users\/1"}],"replies":[{"embeddable":true,"href":"http:\/\/www.velehrad.org.uk\/index.php?rest_route=%2Fwp%2Fv2%2Fcomments&post=6001"}],"version-history":[{"count":1,"href":"http:\/\/www.velehrad.org.uk\/index.php?rest_route=\/wp\/v2\/posts\/6001\/revisions"}],"predecessor-version":[{"id":6002,"href":"http:\/\/www.velehrad.org.uk\/index.php?rest_route=\/wp\/v2\/posts\/6001\/revisions\/6002"}],"wp:attachment":[{"href":"http:\/\/www.velehrad.org.uk\/index.php?rest_route=%2Fwp%2Fv2%2Fmedia&parent=6001"}],"wp:term":[{"taxonomy":"category","embeddable":true,"href":"http:\/\/www.velehrad.org.uk\/index.php?rest_route=%2Fwp%2Fv2%2Fcategories&post=6001"},{"taxonomy":"post_tag","embeddable":true,"href":"http:\/\/www.velehrad.org.uk\/index.php?rest_route=%2Fwp%2Fv2%2Ftags&post=6001"}],"curies":[{"name":"wp","href":"https:\/\/api.w.org\/{rel}","templated":true}]}}