{"id":6003,"date":"2015-09-20T23:58:47","date_gmt":"2015-09-20T21:58:47","guid":{"rendered":"http:\/\/www.velehrad.org.uk\/?p=6003"},"modified":"2017-02-15T23:59:30","modified_gmt":"2017-02-15T21:59:30","slug":"dvorakovo-klavirni-kvarteto-slavilo-v-londyne-uspech","status":"publish","type":"post","link":"http:\/\/www.velehrad.org.uk\/?p=6003","title":{"rendered":"Dvo\u0159\u00e1kovo klav\u00edrn\u00ed kvarteto slavilo v Lond\u00fdn\u011b \u00fasp\u011bch"},"content":{"rendered":"<div class=\"entry-header\">\n<div class=\"entry-content\">\n<p>Dne 16. z\u00e1\u0159\u00ed 2015 se konal koncert Dvo\u0159\u00e1kova klav\u00edrn\u00edho kvarteta. Koncertn\u00ed s\u00e1l v prostor\u00e1ch Velvyslanectv\u00ed SR v Lond\u00fdn\u011b byl zcela zapln\u011bn. Poslucha\u010d\u016fm se p\u0159edstavili\u00a0Sl\u00e1vka Vernerov\u00e1-P\u011bcho\u010dov\u00e1 \u2013\u00a0Piano,\u00a0Jana Von\u00e1\u0161kov\u00e1-Nov\u00e1kov\u00e1 \u2013\u00a0Violin,\u00a0Petr Verner \u2013\u00a0Viola a Jan \u017d\u010f\u00e1nsk\u00fd \u2013\u00a0Cello. Zazn\u011bly skladby\u00a0W. A. Mozarta: Piano Quartet No. 1 in G moll, KV 478,\u00a0G. Mahlera: Piano Quartet Movement in A minor a\u00a0A. Dvo\u0159\u00e1ka: Piano Quartet E flat major, Op. 87. Akci po\u0159\u00e1dala The Dvo\u0159\u00e1k Society for Czech and Slovak Music ve spolupr\u00e1ci\u00a0s lond\u00fdnsk\u00fdm Velehradem a Velvyslanectv\u00edm SR v Lond\u00fdn\u011b.<\/p>\n<article><\/article>\n<article><\/article>\n<article><a href=\"http:\/\/www.velehrad.org.uk\/wp-content\/uploads\/2015\/09\/Dvorakovo-kvarteto.jpg\"><img loading=\"lazy\" decoding=\"async\" class=\"alignnone wp-image-4576 size-medium\" src=\"http:\/\/www.velehrad.org.uk\/wp-content\/uploads\/2015\/09\/Dvorakovo-kvarteto-300x169.jpg\" alt=\"Dvorakovo kvarteto\" width=\"300\" height=\"169\" srcset=\"http:\/\/www.velehrad.org.uk\/wp-content\/uploads\/2015\/09\/Dvorakovo-kvarteto-300x169.jpg 300w, http:\/\/www.velehrad.org.uk\/wp-content\/uploads\/2015\/09\/Dvorakovo-kvarteto-1024x576.jpg 1024w\" sizes=\"auto, (max-width: 300px) 100vw, 300px\" \/><\/a><\/article>\n<\/div>\n<\/div>\n<div class=\"entry-content\"><\/div>\n","protected":false},"excerpt":{"rendered":"<p>Dne 16. z\u00e1\u0159\u00ed 2015 se konal koncert Dvo\u0159\u00e1kova klav\u00edrn\u00edho kvarteta. Koncertn\u00ed s\u00e1l v prostor\u00e1ch Velvyslanectv\u00ed SR v Lond\u00fdn\u011b byl zcela zapln\u011bn. Poslucha\u010d\u016fm se p\u0159edstavili\u00a0Sl\u00e1vka Vernerov\u00e1-P\u011bcho\u010dov\u00e1 \u2013\u00a0Piano,\u00a0Jana Von\u00e1\u0161kov\u00e1-Nov\u00e1kov\u00e1 \u2013\u00a0Violin,\u00a0Petr Verner \u2013\u00a0Viola a Jan \u017d\u010f\u00e1nsk\u00fd \u2013\u00a0Cello. Zazn\u011bly skladby\u00a0W. A. Mozarta: Piano Quartet No. 1 in G moll, KV&hellip; <a class=\"read-more-link\" href=\"http:\/\/www.velehrad.org.uk\/?p=6003\">\u010ct\u011bte v\u00edce<\/a><\/p>\n","protected":false},"author":1,"featured_media":0,"comment_status":"closed","ping_status":"closed","sticky":false,"template":"","format":"standard","meta":{"ngg_post_thumbnail":0,"footnotes":""},"categories":[21],"tags":[],"class_list":["post-6003","post","type-post","status-publish","format-standard","hentry","category-prispevky"],"post_mailing_queue_ids":[],"_links":{"self":[{"href":"http:\/\/www.velehrad.org.uk\/index.php?rest_route=\/wp\/v2\/posts\/6003","targetHints":{"allow":["GET"]}}],"collection":[{"href":"http:\/\/www.velehrad.org.uk\/index.php?rest_route=\/wp\/v2\/posts"}],"about":[{"href":"http:\/\/www.velehrad.org.uk\/index.php?rest_route=\/wp\/v2\/types\/post"}],"author":[{"embeddable":true,"href":"http:\/\/www.velehrad.org.uk\/index.php?rest_route=\/wp\/v2\/users\/1"}],"replies":[{"embeddable":true,"href":"http:\/\/www.velehrad.org.uk\/index.php?rest_route=%2Fwp%2Fv2%2Fcomments&post=6003"}],"version-history":[{"count":1,"href":"http:\/\/www.velehrad.org.uk\/index.php?rest_route=\/wp\/v2\/posts\/6003\/revisions"}],"predecessor-version":[{"id":6004,"href":"http:\/\/www.velehrad.org.uk\/index.php?rest_route=\/wp\/v2\/posts\/6003\/revisions\/6004"}],"wp:attachment":[{"href":"http:\/\/www.velehrad.org.uk\/index.php?rest_route=%2Fwp%2Fv2%2Fmedia&parent=6003"}],"wp:term":[{"taxonomy":"category","embeddable":true,"href":"http:\/\/www.velehrad.org.uk\/index.php?rest_route=%2Fwp%2Fv2%2Fcategories&post=6003"},{"taxonomy":"post_tag","embeddable":true,"href":"http:\/\/www.velehrad.org.uk\/index.php?rest_route=%2Fwp%2Fv2%2Ftags&post=6003"}],"curies":[{"name":"wp","href":"https:\/\/api.w.org\/{rel}","templated":true}]}}