{"id":6005,"date":"2015-09-22T23:59:58","date_gmt":"2015-09-22T21:59:58","guid":{"rendered":"http:\/\/www.velehrad.org.uk\/?p=6005"},"modified":"2017-02-16T00:00:38","modified_gmt":"2017-02-15T22:00:38","slug":"spojeni-mezi-uk-a-slovenskem-treba-prostrednictvim-skveleho-britskeho-dirigenta","status":"publish","type":"post","link":"http:\/\/www.velehrad.org.uk\/?p=6005","title":{"rendered":"Spojen\u00ed mezi UK a Slovenskem? T\u0159eba prost\u0159ednictv\u00edm skv\u011bl\u00e9ho britsk\u00e9ho dirigenta."},"content":{"rendered":"<p>Mr Simon Chalk (CC) se od leto\u0161n\u00ed sez\u00f3ny 2015 &#8211; 2016\u00a0stal \u0161\u00e9fdirigentem \u0160t\u00e1tneho komorn\u00e9ho orchestru \u017dilina. Mr Chalk se tak\u00e9 z\u00fa\u010dastnil ned\u00e1vn\u00e9ho koncertu Dvo\u0159\u00e1kova klav\u00edrn\u00edho kvarteta, kter\u00fd se dne 16.9.15 konal na Velvyslanectv\u00ed SR v Lond\u00fdn\u011b (viz. <a href=\"http:\/\/www.velehrad.org.uk\/?p=4573\">zde<\/a>). Chcete-li se v\u00edce dozv\u011bd\u011bt o \u017eivot\u011b nov\u00e9ho \u0161\u00e9fdirigenta nebo o chystan\u00fdch koncertech \u0160KO \u017dilina, doporu\u010dujeme webov\u00e9 str\u00e1nky <a href=\"http:\/\/www.skozilina.sk\/\">http:\/\/www.skozilina.sk\/<\/a><\/p>\n","protected":false},"excerpt":{"rendered":"<p>Mr Simon Chalk (CC) se od leto\u0161n\u00ed sez\u00f3ny 2015 &#8211; 2016\u00a0stal \u0161\u00e9fdirigentem \u0160t\u00e1tneho komorn\u00e9ho orchestru \u017dilina. Mr Chalk se tak\u00e9 z\u00fa\u010dastnil ned\u00e1vn\u00e9ho koncertu Dvo\u0159\u00e1kova klav\u00edrn\u00edho kvarteta, kter\u00fd se dne 16.9.15 konal na Velvyslanectv\u00ed SR v Lond\u00fdn\u011b (viz. zde). Chcete-li se v\u00edce dozv\u011bd\u011bt o \u017eivot\u011b nov\u00e9ho \u0161\u00e9fdirigenta&hellip; <a class=\"read-more-link\" href=\"http:\/\/www.velehrad.org.uk\/?p=6005\">\u010ct\u011bte v\u00edce<\/a><\/p>\n","protected":false},"author":1,"featured_media":0,"comment_status":"closed","ping_status":"closed","sticky":false,"template":"","format":"standard","meta":{"ngg_post_thumbnail":0,"footnotes":""},"categories":[1],"tags":[],"class_list":["post-6005","post","type-post","status-publish","format-standard","hentry","category-akce-velehradu"],"post_mailing_queue_ids":[],"_links":{"self":[{"href":"http:\/\/www.velehrad.org.uk\/index.php?rest_route=\/wp\/v2\/posts\/6005","targetHints":{"allow":["GET"]}}],"collection":[{"href":"http:\/\/www.velehrad.org.uk\/index.php?rest_route=\/wp\/v2\/posts"}],"about":[{"href":"http:\/\/www.velehrad.org.uk\/index.php?rest_route=\/wp\/v2\/types\/post"}],"author":[{"embeddable":true,"href":"http:\/\/www.velehrad.org.uk\/index.php?rest_route=\/wp\/v2\/users\/1"}],"replies":[{"embeddable":true,"href":"http:\/\/www.velehrad.org.uk\/index.php?rest_route=%2Fwp%2Fv2%2Fcomments&post=6005"}],"version-history":[{"count":1,"href":"http:\/\/www.velehrad.org.uk\/index.php?rest_route=\/wp\/v2\/posts\/6005\/revisions"}],"predecessor-version":[{"id":6006,"href":"http:\/\/www.velehrad.org.uk\/index.php?rest_route=\/wp\/v2\/posts\/6005\/revisions\/6006"}],"wp:attachment":[{"href":"http:\/\/www.velehrad.org.uk\/index.php?rest_route=%2Fwp%2Fv2%2Fmedia&parent=6005"}],"wp:term":[{"taxonomy":"category","embeddable":true,"href":"http:\/\/www.velehrad.org.uk\/index.php?rest_route=%2Fwp%2Fv2%2Fcategories&post=6005"},{"taxonomy":"post_tag","embeddable":true,"href":"http:\/\/www.velehrad.org.uk\/index.php?rest_route=%2Fwp%2Fv2%2Ftags&post=6005"}],"curies":[{"name":"wp","href":"https:\/\/api.w.org\/{rel}","templated":true}]}}