{"id":6007,"date":"2013-10-29T00:01:58","date_gmt":"2013-10-28T22:01:58","guid":{"rendered":"http:\/\/www.velehrad.org.uk\/?p=6007"},"modified":"2017-02-16T00:03:03","modified_gmt":"2017-02-15T22:03:03","slug":"link-na-lidovky-na-tema-cenzurovany-rozhovor-kardinala-duky-na-radiozurnalu","status":"publish","type":"post","link":"http:\/\/www.velehrad.org.uk\/?p=6007","title":{"rendered":"Link na Lidovky na t\u00e9ma: Cenzurovan\u00fd rozhovor Kardin\u00e1la Duky na Radio\u017eurn\u00e1lu"},"content":{"rendered":"<p><a href=\"http:\/\/www.lidovky.cz\/duku-vypnuli-v-rozhlasu-dekuji-za-cenzurovane-vysilani-rozloucil-se-12s-\/zpravy-domov.aspx?c=A131022_104612_ln_domov_spa\">http:\/\/www.lidovky.cz\/duku-vypnuli-v-rozhlasu-dekuji-za-cenzurovane-vysilani-rozloucil-se-12s-\/zpravy-domov.aspx?c=A131022_104612_ln_domov_spa<\/a><\/p>\n<p><strong>Cely dokument s informacemi ke stazeni:<\/strong><\/p>\n<p><a href=\"http:\/\/www.velehrad.org.uk\/wp-content\/uploads\/2009\/04\/Cenzurovany-rozhovor-kardinala-Dominika-Duky-na-Radiozurnalu.pdf\">Cenzurovany rozhovor kardinala Dominika Duky na Radiozurnalu<\/a><\/p>\n<p><strong>Doporu\u010dujeme:\u00a0<\/strong>22. \u0159\u00edjna 2013\u00a0\u00a011:50 | Lidovky.cz<\/p>\n<p><!--more--><\/p>\n<p>Zdroj:<a href=\"http:\/\/www.lidovky.cz\/duku-vypnuli-v-rozhlasu-dekuji-za-cenzurovane-vysilani-rozloucil-se-12s-\/zpravy-domov.aspx?c=A131022_104612_ln_domov_spa\">http:\/\/www.lidovky.cz\/duku-vypnuli-v-rozhlasu-dekuji-za-cenzurovane-vysilani-rozloucil-se-12s-\/zpravy-domov.aspx?c=A131022_104612_ln_domov_spa<\/a><\/p>\n<p>Rozhovor byl napjat\u00fd u\u017e od za\u010d\u00e1tku, kdy moder\u00e1torka Dukovi p\u0159ipomn\u011bla tvrzen\u00ed\u00a0ministerstva\u00a0kultury, \u017ee\u00a0sou\u010dasn\u00e9 po\u017eadavky jsou v rozporu s dohodou, kterou dojednala c\u00edrkev s exprezidentem Klausem\u00a0v roce 2010.<\/p>\n<p>\u201cJ\u00e1 si v\u00e1\u017e\u00edm slova a kdybych m\u011bl poru\u0161it slovo, tak se vzd\u00e1m ob\u010danstv\u00ed, odejdu z t\u00e9to zem\u011b. To chci \u0159\u00edci v\u0161em, kte\u0159\u00ed vyvol\u00e1vaj\u00ed v p\u0159edvolebn\u00edm boji zbyte\u010dn\u00e1 nap\u011bt\u00ed,\u201d prohl\u00e1sil Duka ji\u017e zv\u00fd\u0161en\u00fdm hlasem.<\/p>\n<p><strong>Ve stop\u00e1ch Gottwalda<\/strong><\/p>\n<p>Od t\u00e9 chv\u00edle u\u017e emoce v Dukov\u011b hlase jen rostly. Ministerstvo vnitra chce p\u0159ijmout opat\u0159en\u00ed, aby byl cel\u00fd are\u00e1l Pra\u017esk\u00e9ho hradu z restituc\u00ed vy\u0148at. Co bude c\u00edrkev v takov\u00e9m p\u0159\u00edpad\u011b d\u011blat, nedok\u00e1zal kardin\u00e1l odpov\u011bd\u011bt. D\u016frazn\u011b v\u0161ak prohl\u00e1sil. \u201cAle v\u00edm, \u017ee ono z\u00e1konn\u00e9 opat\u0159en\u00ed chce vlastn\u011b potvrdit rozhodnut\u00ed soudruha Klementa Gottwalda. J\u00e1 u\u017e dva roky upozor\u0148uji, \u017ee v t\u00e9to zemi n\u00e1s n\u011bkte\u0159\u00ed lid\u00e9 cht\u011bj\u00ed p\u0159ipravit o v\u0161echnu svobodu a demokracii, kterou jsme si vytrp\u011bli a vybojovali,\u201d varoval Duka a pokra\u010doval:<\/p>\n<p>\u201cPokud p\u0159ijme na\u0161e spole\u010dnost toto opat\u0159en\u00ed, budu v\u011bd\u011bt, \u017ee ne\u017eiji v demokratick\u00e9m st\u00e1t\u011b, proto\u017ee neplat\u00ed ani pr\u00e1vn\u00ed \u0159\u00e1d, ani \u017e\u00e1dn\u00e9 z\u00e1sady a vrac\u00edme se pod rud\u00e9<a href=\"http:\/\/produkty.topkontakt.idnes.cz\/p\/lovci-pohledu-atraktivni-a-inovativni-textilni-reklama-vysoke-kvality\/26458125?rtype=V&amp;rmain=7887067&amp;ritem=26458125&amp;rclanek=15856119&amp;rslovo=420960&amp;showdirect=1\">prapory<\/a>se srpem a kladivem!\u201d<\/p>\n<p>Duka by nejsp\u00ed\u0161 h\u0159\u00edmal i d\u00e1l, ale v z\u00e1v\u011bru v\u011bty ho moder\u00e1torka za\u010dala p\u0159eru\u0161ovat: \u201cJe doba t\u011bsn\u011b p\u0159ed volbami a podle pravidel \u010cesk\u00e9ho rozhlasu nesm\u00edme vys\u00edlat jak\u00e9koli n\u00e1vody, koho volit \u010di nevolit, ani nazna\u010dovat,\u201d pronesla.<\/p>\n<p><strong>Rozhlas nedodr\u017euje z\u00e1sady svobody!<\/strong><\/p>\n<p>\u201cJ\u00e1 \u017e\u00e1dn\u00e9 n\u00e1vody nikomu ned\u00e1v\u00e1m,\u201d reagoval Duka. Moder\u00e1torka mu op\u011bt op\u00e1\u010dila: \u201cI kdy\u017e mi to ne\u0159\u00edk\u00e1te p\u0159\u00edmo, je to velmi tenk\u00fd led.\u201d To u\u017e se Duka vyto\u010dil a t\u00e9m\u011b\u0159 k\u0159i\u010del, kdy\u017e na v\u00fdtku moder\u00e1torky reagoval slovy: \u201cPan\u00ed redaktorko, potom n\u00e1\u0161 \u010cesk\u00fd rozhlas nedodr\u017euje v\u016fbec z\u00e1sady svobody. Nezlobte se na m\u011b\u2026!\u201d<\/p>\n<table>\n<tbody>\n<tr>\n<td><strong>POSLECHN\u011aTE SI:<\/strong><\/p>\n<p>Pond\u011bln\u00ed odpoledn\u00ed vys\u00edl\u00e1n\u00ed Radio\u017eurn\u00e1lu\u00a0<strong>si m\u016f\u017eete poslechnout\u00a0<\/strong><a href=\"http:\/\/prehravac.rozhlas.cz\/audio\/2990853\"><strong>ZDE<\/strong><\/a>. Rozhovor s Dukou za\u010d\u00edn\u00e1 v\u00a0<strong>22. minut\u011b<\/strong>\u00a0a kon\u010d\u00ed v\u00a0<strong>27. minut\u011b\u00a0<\/strong>z\u00e1znamu.<\/td>\n<\/tr>\n<\/tbody>\n<\/table>\n<p>Moder\u00e1torka se obratem sna\u017eila ne\u010dekan\u011b emotivn\u00ed rozhovor ukon\u010dit. \u201cOb\u00e1v\u00e1m se\u2026,\u201d za\u010dala v\u011btu, ale kardin\u00e1l se nenechal jen tak p\u0159eru\u0161it. \u201cJ\u00e1 se pr\u00e1vem ob\u00e1v\u00e1m! J\u00e1 nem\u00e1m co ztratit!\u201d prohl\u00e1sil d\u016frazn\u011b.<\/p>\n<p>\u201cMus\u00edme respektovat p\u0159edvolebn\u00ed pravidla \u010cesk\u00e9ho rozhlasu a ta jsou naprosto jasn\u00e1,\u201d zopakovala redaktorka a pra\u017esk\u00fd arcibiskup\u00a0dostal\u00a0prostor u\u017e jen na z\u00e1v\u011bre\u010dn\u00fdch p\u011bt slov. \u201cD\u011bkuji v\u00e1m za cenzurovan\u00e9 vys\u00edl\u00e1n\u00ed,\u201d rozlou\u010dil se.<\/p>\n<p>Zdroj:<a href=\"http:\/\/www.lidovky.cz\/duku-vypnuli-v-rozhlasu-dekuji-za-cenzurovane-vysilani-rozloucil-se-12s-\/zpravy-domov.aspx?c=A131022_104612_ln_domov_spa\">http:\/\/www.lidovky.cz\/duku-vypnuli-v-rozhlasu-dekuji-za-cenzurovane-vysilani-rozloucil-se-12s-\/zpravy-domov.aspx?c=A131022_104612_ln_domov_spa<\/a><\/p>\n<p><strong>Poslechn\u011bte si rozhovor Kardin\u00e1la Duky na Radio\u017eurn\u00e1lu:\u00a0<\/strong><\/p>\n<p><a href=\"http:\/\/prehravac.rozhlas.cz\/audio\/2990853\">http:\/\/prehravac.rozhlas.cz\/audio\/2990853<\/a><\/p>\n<p><strong>Kardin\u00e1l Vlk: Skryt\u00e1 totalita.\u00a0<\/strong>To, co ministr Pecina p\u0159edv\u00e1d\u00ed, ukazuje v\u010das, t\u011bsn\u011b p\u0159ed volbami, co by on a jeho t\u00fdm\u00a0 odborn\u00edk\u016f\u00a0 d\u011blal, kdyby se dostal k moci. Br\u00e1n\u00ed uplat\u0148ovat n\u00e1roky podle platn\u00e9ho z\u00e1kona a cht\u011bj\u00ed, aby z\u00e1konn\u00e9 opat\u0159en\u00ed platilo\u00a0 ne\u00fastavn\u011b\u00a0 retroaktivn\u011b na ji\u017e podan\u00e9 v\u00fdzvy. Pr\u00e1vo a spravedlnost jim a n\u011bkter\u00fdm dal\u0161\u00edm stran\u00e1m z\u0159ejm\u011b mnoho ne\u0159\u00edk\u00e1. Tak\u017ee je to v\u00fdzva pro voli\u010de v posledn\u00ed chv\u00edli!!<\/p>\n<p><u><a href=\"http:\/\/www.kardinal.cz\/index.php?cmd=article&amp;articleID=745\">http:\/\/www.kardinal.cz\/index.php?cmd=article&amp;articleID=745<\/a><\/u><\/p>\n","protected":false},"excerpt":{"rendered":"<p>http:\/\/www.lidovky.cz\/duku-vypnuli-v-rozhlasu-dekuji-za-cenzurovane-vysilani-rozloucil-se-12s-\/zpravy-domov.aspx?c=A131022_104612_ln_domov_spa Cely dokument s informacemi ke stazeni: Cenzurovany rozhovor kardinala Dominika Duky na Radiozurnalu Doporu\u010dujeme:\u00a022. \u0159\u00edjna 2013\u00a0\u00a011:50 | Lidovky.cz<\/p>\n","protected":false},"author":1,"featured_media":0,"comment_status":"closed","ping_status":"closed","sticky":false,"template":"","format":"standard","meta":{"ngg_post_thumbnail":0,"footnotes":""},"categories":[21],"tags":[],"class_list":["post-6007","post","type-post","status-publish","format-standard","hentry","category-prispevky"],"post_mailing_queue_ids":[],"_links":{"self":[{"href":"http:\/\/www.velehrad.org.uk\/index.php?rest_route=\/wp\/v2\/posts\/6007","targetHints":{"allow":["GET"]}}],"collection":[{"href":"http:\/\/www.velehrad.org.uk\/index.php?rest_route=\/wp\/v2\/posts"}],"about":[{"href":"http:\/\/www.velehrad.org.uk\/index.php?rest_route=\/wp\/v2\/types\/post"}],"author":[{"embeddable":true,"href":"http:\/\/www.velehrad.org.uk\/index.php?rest_route=\/wp\/v2\/users\/1"}],"replies":[{"embeddable":true,"href":"http:\/\/www.velehrad.org.uk\/index.php?rest_route=%2Fwp%2Fv2%2Fcomments&post=6007"}],"version-history":[{"count":1,"href":"http:\/\/www.velehrad.org.uk\/index.php?rest_route=\/wp\/v2\/posts\/6007\/revisions"}],"predecessor-version":[{"id":6008,"href":"http:\/\/www.velehrad.org.uk\/index.php?rest_route=\/wp\/v2\/posts\/6007\/revisions\/6008"}],"wp:attachment":[{"href":"http:\/\/www.velehrad.org.uk\/index.php?rest_route=%2Fwp%2Fv2%2Fmedia&parent=6007"}],"wp:term":[{"taxonomy":"category","embeddable":true,"href":"http:\/\/www.velehrad.org.uk\/index.php?rest_route=%2Fwp%2Fv2%2Fcategories&post=6007"},{"taxonomy":"post_tag","embeddable":true,"href":"http:\/\/www.velehrad.org.uk\/index.php?rest_route=%2Fwp%2Fv2%2Ftags&post=6007"}],"curies":[{"name":"wp","href":"https:\/\/api.w.org\/{rel}","templated":true}]}}