{"id":6009,"date":"2013-09-29T00:03:32","date_gmt":"2013-09-28T22:03:32","guid":{"rendered":"http:\/\/www.velehrad.org.uk\/?p=6009"},"modified":"2017-02-16T00:04:07","modified_gmt":"2017-02-15T22:04:07","slug":"prednaska-milana-kocourka-na-svu-v-zari-2013","status":"publish","type":"post","link":"http:\/\/www.velehrad.org.uk\/?p=6009","title":{"rendered":"P\u0159edn\u00e1\u0161ka Milana Kocourka na SVU v z\u00e1\u0159\u00ed 2013"},"content":{"rendered":"<h3><a href=\"http:\/\/www.velehrad.org.uk\/wp-content\/uploads\/2009\/04\/ODSUN-SUDETSKYCH-NEMCU-prednaska-SVU.pdf\">ODSUN SUDETSKYCH NEMCU prednaska SVU<\/a><\/h3>\n","protected":false},"excerpt":{"rendered":"<p>ODSUN SUDETSKYCH NEMCU prednaska SVU<\/p>\n","protected":false},"author":1,"featured_media":0,"comment_status":"closed","ping_status":"closed","sticky":false,"template":"","format":"standard","meta":{"ngg_post_thumbnail":0,"footnotes":""},"categories":[1],"tags":[],"class_list":["post-6009","post","type-post","status-publish","format-standard","hentry","category-akce-velehradu"],"post_mailing_queue_ids":[],"_links":{"self":[{"href":"http:\/\/www.velehrad.org.uk\/index.php?rest_route=\/wp\/v2\/posts\/6009","targetHints":{"allow":["GET"]}}],"collection":[{"href":"http:\/\/www.velehrad.org.uk\/index.php?rest_route=\/wp\/v2\/posts"}],"about":[{"href":"http:\/\/www.velehrad.org.uk\/index.php?rest_route=\/wp\/v2\/types\/post"}],"author":[{"embeddable":true,"href":"http:\/\/www.velehrad.org.uk\/index.php?rest_route=\/wp\/v2\/users\/1"}],"replies":[{"embeddable":true,"href":"http:\/\/www.velehrad.org.uk\/index.php?rest_route=%2Fwp%2Fv2%2Fcomments&post=6009"}],"version-history":[{"count":1,"href":"http:\/\/www.velehrad.org.uk\/index.php?rest_route=\/wp\/v2\/posts\/6009\/revisions"}],"predecessor-version":[{"id":6010,"href":"http:\/\/www.velehrad.org.uk\/index.php?rest_route=\/wp\/v2\/posts\/6009\/revisions\/6010"}],"wp:attachment":[{"href":"http:\/\/www.velehrad.org.uk\/index.php?rest_route=%2Fwp%2Fv2%2Fmedia&parent=6009"}],"wp:term":[{"taxonomy":"category","embeddable":true,"href":"http:\/\/www.velehrad.org.uk\/index.php?rest_route=%2Fwp%2Fv2%2Fcategories&post=6009"},{"taxonomy":"post_tag","embeddable":true,"href":"http:\/\/www.velehrad.org.uk\/index.php?rest_route=%2Fwp%2Fv2%2Ftags&post=6009"}],"curies":[{"name":"wp","href":"https:\/\/api.w.org\/{rel}","templated":true}]}}