{"id":6017,"date":"2011-12-22T00:16:42","date_gmt":"2011-12-21T22:16:42","guid":{"rendered":"http:\/\/www.velehrad.org.uk\/?p=6017"},"modified":"2017-02-16T00:20:24","modified_gmt":"2017-02-15T22:20:24","slug":"mikulas-na-velehrade-2011","status":"publish","type":"post","link":"http:\/\/www.velehrad.org.uk\/?p=6017","title":{"rendered":"Mikul\u00e1\u0161 na Velehrad\u011b 2011"},"content":{"rendered":"<p><!-- default-view.php -->\n<div\n\tclass=\"ngg-galleryoverview default-view\n\t ngg-ajax-pagination-none\t\"\n\tid=\"ngg-gallery-4f993435b506e045519978890e2dd323-1\"\n\tdata-nextgen-gallery-id=\"25\"\n\tdata-gallery-id=\"25\"\n\t\tdata-gallery-name=\"Mikulas na Velehrade Dec 2011\"\n\t>\n\n\t\t<!-- Thumbnails -->\n\t\t\t\t<div id=\"ngg-image-0\" class=\"ngg-gallery-thumbnail-box\n\t\t\t\t\t\t\t\t\t\t\t\"\n\t\t\t>\n\t\t\t\t\t\t<div class=\"ngg-gallery-thumbnail\">\n\t\t<a href=\"http:\/\/www.velehrad.org.uk\/wp-content\/gallery\/25-gallery-25\/pc111910.jpg\"\n\t\t\ttitle=\"Mikulas na Velehrade Dec 2011\"\n\t\t\tdata-src=\"http:\/\/www.velehrad.org.uk\/wp-content\/gallery\/25-gallery-25\/pc111910.jpg\"\n\t\t\tdata-thumbnail=\"http:\/\/www.velehrad.org.uk\/wp-content\/gallery\/25-gallery-25\/thumbs\/thumbs_pc111910.jpg\"\n\t\t\tdata-image-id=\"292\"\n\t\t\tdata-image-name=\"pc111910.jpg\"\n\t\t\tdata-title=\"OLYMPUS DIGITAL CAMERA         \"\n\t\t\tdata-description=\"Mikulas na Velehrade Dec 2011\"\n\t\t\tdata-image-slug=\"\"\n\t\t\t\t\t\t\t\t\t\t\t\t\t\t\t\t\t\t\t\tclass=\"shutterset_4f993435b506e045519978890e2dd323\">\n\t\t\t\t\t\t\t\t<img\n\t\t\t\t\ttitle=\"OLYMPUS DIGITAL CAMERA         \"\n\t\t\t\t\talt=\"OLYMPUS DIGITAL CAMERA         \"\n\t\t\t\t\tsrc=\"http:\/\/www.velehrad.org.uk\/wp-content\/gallery\/25-gallery-25\/thumbs\/thumbs_pc111910.jpg\"\n\t\t\t\t\twidth=\"100\"\n\t\t\t\t\theight=\"75\"\n\t\t\t\t\tstyle=\"max-width:100%;\"\n\t\t\t\t\/>\n\t\t\t<\/a>\n\t\t<\/div>\n\t\t\t\t\t\t\t<\/div>\n\t\t\t\n\t\t\t\t<div id=\"ngg-image-1\" class=\"ngg-gallery-thumbnail-box\n\t\t\t\t\t\t\t\t\t\t\t\"\n\t\t\t>\n\t\t\t\t\t\t<div class=\"ngg-gallery-thumbnail\">\n\t\t<a href=\"http:\/\/www.velehrad.org.uk\/wp-content\/gallery\/25-gallery-25\/pc111911.jpg\"\n\t\t\ttitle=\"Mikulas na Velehrade Dec 2011\"\n\t\t\tdata-src=\"http:\/\/www.velehrad.org.uk\/wp-content\/gallery\/25-gallery-25\/pc111911.jpg\"\n\t\t\tdata-thumbnail=\"http:\/\/www.velehrad.org.uk\/wp-content\/gallery\/25-gallery-25\/thumbs\/thumbs_pc111911.jpg\"\n\t\t\tdata-image-id=\"293\"\n\t\t\tdata-image-name=\"pc111911.jpg\"\n\t\t\tdata-title=\"OLYMPUS DIGITAL CAMERA         \"\n\t\t\tdata-description=\"Mikulas na Velehrade Dec 2011\"\n\t\t\tdata-image-slug=\"\"\n\t\t\t\t\t\t\t\t\t\t\t\t\t\t\t\t\t\t\t\tclass=\"shutterset_4f993435b506e045519978890e2dd323\">\n\t\t\t\t\t\t\t\t<img\n\t\t\t\t\ttitle=\"OLYMPUS DIGITAL CAMERA         \"\n\t\t\t\t\talt=\"OLYMPUS DIGITAL CAMERA         \"\n\t\t\t\t\tsrc=\"http:\/\/www.velehrad.org.uk\/wp-content\/gallery\/25-gallery-25\/thumbs\/thumbs_pc111911.jpg\"\n\t\t\t\t\twidth=\"100\"\n\t\t\t\t\theight=\"75\"\n\t\t\t\t\tstyle=\"max-width:100%;\"\n\t\t\t\t\/>\n\t\t\t<\/a>\n\t\t<\/div>\n\t\t\t\t\t\t\t<\/div>\n\t\t\t\n\t\t\t\t<div id=\"ngg-image-2\" class=\"ngg-gallery-thumbnail-box\n\t\t\t\t\t\t\t\t\t\t\t\"\n\t\t\t>\n\t\t\t\t\t\t<div class=\"ngg-gallery-thumbnail\">\n\t\t<a href=\"http:\/\/www.velehrad.org.uk\/wp-content\/gallery\/25-gallery-25\/pc111912.jpg\"\n\t\t\ttitle=\"Mikulas na Velehrade Dec 2011\"\n\t\t\tdata-src=\"http:\/\/www.velehrad.org.uk\/wp-content\/gallery\/25-gallery-25\/pc111912.jpg\"\n\t\t\tdata-thumbnail=\"http:\/\/www.velehrad.org.uk\/wp-content\/gallery\/25-gallery-25\/thumbs\/thumbs_pc111912.jpg\"\n\t\t\tdata-image-id=\"294\"\n\t\t\tdata-image-name=\"pc111912.jpg\"\n\t\t\tdata-title=\"OLYMPUS DIGITAL CAMERA         \"\n\t\t\tdata-description=\"Mikulas na Velehrade Dec 2011\"\n\t\t\tdata-image-slug=\"\"\n\t\t\t\t\t\t\t\t\t\t\t\t\t\t\t\t\t\t\t\tclass=\"shutterset_4f993435b506e045519978890e2dd323\">\n\t\t\t\t\t\t\t\t<img\n\t\t\t\t\ttitle=\"OLYMPUS DIGITAL CAMERA         \"\n\t\t\t\t\talt=\"OLYMPUS DIGITAL CAMERA         \"\n\t\t\t\t\tsrc=\"http:\/\/www.velehrad.org.uk\/wp-content\/gallery\/25-gallery-25\/thumbs\/thumbs_pc111912.jpg\"\n\t\t\t\t\twidth=\"100\"\n\t\t\t\t\theight=\"75\"\n\t\t\t\t\tstyle=\"max-width:100%;\"\n\t\t\t\t\/>\n\t\t\t<\/a>\n\t\t<\/div>\n\t\t\t\t\t\t\t<\/div>\n\t\t\t\n\t\t\t\t<div id=\"ngg-image-3\" class=\"ngg-gallery-thumbnail-box\n\t\t\t\t\t\t\t\t\t\t\t\"\n\t\t\t>\n\t\t\t\t\t\t<div class=\"ngg-gallery-thumbnail\">\n\t\t<a href=\"http:\/\/www.velehrad.org.uk\/wp-content\/gallery\/25-gallery-25\/pc111913.jpg\"\n\t\t\ttitle=\"Mikulas na Velehrade Dec 2011\"\n\t\t\tdata-src=\"http:\/\/www.velehrad.org.uk\/wp-content\/gallery\/25-gallery-25\/pc111913.jpg\"\n\t\t\tdata-thumbnail=\"http:\/\/www.velehrad.org.uk\/wp-content\/gallery\/25-gallery-25\/thumbs\/thumbs_pc111913.jpg\"\n\t\t\tdata-image-id=\"295\"\n\t\t\tdata-image-name=\"pc111913.jpg\"\n\t\t\tdata-title=\"OLYMPUS DIGITAL CAMERA         \"\n\t\t\tdata-description=\"Mikulas na Velehrade Dec 2011\"\n\t\t\tdata-image-slug=\"\"\n\t\t\t\t\t\t\t\t\t\t\t\t\t\t\t\t\t\t\t\tclass=\"shutterset_4f993435b506e045519978890e2dd323\">\n\t\t\t\t\t\t\t\t<img\n\t\t\t\t\ttitle=\"OLYMPUS DIGITAL CAMERA         \"\n\t\t\t\t\talt=\"OLYMPUS DIGITAL CAMERA         \"\n\t\t\t\t\tsrc=\"http:\/\/www.velehrad.org.uk\/wp-content\/gallery\/25-gallery-25\/thumbs\/thumbs_pc111913.jpg\"\n\t\t\t\t\twidth=\"100\"\n\t\t\t\t\theight=\"75\"\n\t\t\t\t\tstyle=\"max-width:100%;\"\n\t\t\t\t\/>\n\t\t\t<\/a>\n\t\t<\/div>\n\t\t\t\t\t\t\t<\/div>\n\t\t\t\n\t\t\t\t<div id=\"ngg-image-4\" class=\"ngg-gallery-thumbnail-box\n\t\t\t\t\t\t\t\t\t\t\t\"\n\t\t\t>\n\t\t\t\t\t\t<div class=\"ngg-gallery-thumbnail\">\n\t\t<a href=\"http:\/\/www.velehrad.org.uk\/wp-content\/gallery\/25-gallery-25\/pc111914.jpg\"\n\t\t\ttitle=\"Mikulas na Velehrade Dec 2011\"\n\t\t\tdata-src=\"http:\/\/www.velehrad.org.uk\/wp-content\/gallery\/25-gallery-25\/pc111914.jpg\"\n\t\t\tdata-thumbnail=\"http:\/\/www.velehrad.org.uk\/wp-content\/gallery\/25-gallery-25\/thumbs\/thumbs_pc111914.jpg\"\n\t\t\tdata-image-id=\"296\"\n\t\t\tdata-image-name=\"pc111914.jpg\"\n\t\t\tdata-title=\"OLYMPUS DIGITAL CAMERA         \"\n\t\t\tdata-description=\"Mikulas na Velehrade Dec 2011\"\n\t\t\tdata-image-slug=\"\"\n\t\t\t\t\t\t\t\t\t\t\t\t\t\t\t\t\t\t\t\tclass=\"shutterset_4f993435b506e045519978890e2dd323\">\n\t\t\t\t\t\t\t\t<img\n\t\t\t\t\ttitle=\"OLYMPUS DIGITAL CAMERA         \"\n\t\t\t\t\talt=\"OLYMPUS DIGITAL CAMERA         \"\n\t\t\t\t\tsrc=\"http:\/\/www.velehrad.org.uk\/wp-content\/gallery\/25-gallery-25\/thumbs\/thumbs_pc111914.jpg\"\n\t\t\t\t\twidth=\"100\"\n\t\t\t\t\theight=\"75\"\n\t\t\t\t\tstyle=\"max-width:100%;\"\n\t\t\t\t\/>\n\t\t\t<\/a>\n\t\t<\/div>\n\t\t\t\t\t\t\t<\/div>\n\t\t\t\n\t\t\t\t<div id=\"ngg-image-5\" class=\"ngg-gallery-thumbnail-box\n\t\t\t\t\t\t\t\t\t\t\t\"\n\t\t\t>\n\t\t\t\t\t\t<div class=\"ngg-gallery-thumbnail\">\n\t\t<a href=\"http:\/\/www.velehrad.org.uk\/wp-content\/gallery\/25-gallery-25\/pc111915.jpg\"\n\t\t\ttitle=\"Mikulas na Velehrade Dec 2011\"\n\t\t\tdata-src=\"http:\/\/www.velehrad.org.uk\/wp-content\/gallery\/25-gallery-25\/pc111915.jpg\"\n\t\t\tdata-thumbnail=\"http:\/\/www.velehrad.org.uk\/wp-content\/gallery\/25-gallery-25\/thumbs\/thumbs_pc111915.jpg\"\n\t\t\tdata-image-id=\"297\"\n\t\t\tdata-image-name=\"pc111915.jpg\"\n\t\t\tdata-title=\"OLYMPUS DIGITAL CAMERA         \"\n\t\t\tdata-description=\"Mikulas na Velehrade Dec 2011\"\n\t\t\tdata-image-slug=\"\"\n\t\t\t\t\t\t\t\t\t\t\t\t\t\t\t\t\t\t\t\tclass=\"shutterset_4f993435b506e045519978890e2dd323\">\n\t\t\t\t\t\t\t\t<img\n\t\t\t\t\ttitle=\"OLYMPUS DIGITAL CAMERA         \"\n\t\t\t\t\talt=\"OLYMPUS DIGITAL CAMERA         \"\n\t\t\t\t\tsrc=\"http:\/\/www.velehrad.org.uk\/wp-content\/gallery\/25-gallery-25\/thumbs\/thumbs_pc111915.jpg\"\n\t\t\t\t\twidth=\"100\"\n\t\t\t\t\theight=\"75\"\n\t\t\t\t\tstyle=\"max-width:100%;\"\n\t\t\t\t\/>\n\t\t\t<\/a>\n\t\t<\/div>\n\t\t\t\t\t\t\t<\/div>\n\t\t\t\n\t\t\t\t<div id=\"ngg-image-6\" class=\"ngg-gallery-thumbnail-box\n\t\t\t\t\t\t\t\t\t\t\t\"\n\t\t\t>\n\t\t\t\t\t\t<div class=\"ngg-gallery-thumbnail\">\n\t\t<a href=\"http:\/\/www.velehrad.org.uk\/wp-content\/gallery\/25-gallery-25\/pc111916.jpg\"\n\t\t\ttitle=\"Mikulas na Velehrade Dec 2011\"\n\t\t\tdata-src=\"http:\/\/www.velehrad.org.uk\/wp-content\/gallery\/25-gallery-25\/pc111916.jpg\"\n\t\t\tdata-thumbnail=\"http:\/\/www.velehrad.org.uk\/wp-content\/gallery\/25-gallery-25\/thumbs\/thumbs_pc111916.jpg\"\n\t\t\tdata-image-id=\"298\"\n\t\t\tdata-image-name=\"pc111916.jpg\"\n\t\t\tdata-title=\"OLYMPUS DIGITAL CAMERA         \"\n\t\t\tdata-description=\"Mikulas na Velehrade Dec 2011\"\n\t\t\tdata-image-slug=\"\"\n\t\t\t\t\t\t\t\t\t\t\t\t\t\t\t\t\t\t\t\tclass=\"shutterset_4f993435b506e045519978890e2dd323\">\n\t\t\t\t\t\t\t\t<img\n\t\t\t\t\ttitle=\"OLYMPUS DIGITAL CAMERA         \"\n\t\t\t\t\talt=\"OLYMPUS DIGITAL CAMERA         \"\n\t\t\t\t\tsrc=\"http:\/\/www.velehrad.org.uk\/wp-content\/gallery\/25-gallery-25\/thumbs\/thumbs_pc111916.jpg\"\n\t\t\t\t\twidth=\"100\"\n\t\t\t\t\theight=\"75\"\n\t\t\t\t\tstyle=\"max-width:100%;\"\n\t\t\t\t\/>\n\t\t\t<\/a>\n\t\t<\/div>\n\t\t\t\t\t\t\t<\/div>\n\t\t\t\n\t\t\t\t<div id=\"ngg-image-7\" class=\"ngg-gallery-thumbnail-box\n\t\t\t\t\t\t\t\t\t\t\t\"\n\t\t\t>\n\t\t\t\t\t\t<div class=\"ngg-gallery-thumbnail\">\n\t\t<a href=\"http:\/\/www.velehrad.org.uk\/wp-content\/gallery\/25-gallery-25\/pc111917.jpg\"\n\t\t\ttitle=\"Mikulas na Velehrade Dec 2011\"\n\t\t\tdata-src=\"http:\/\/www.velehrad.org.uk\/wp-content\/gallery\/25-gallery-25\/pc111917.jpg\"\n\t\t\tdata-thumbnail=\"http:\/\/www.velehrad.org.uk\/wp-content\/gallery\/25-gallery-25\/thumbs\/thumbs_pc111917.jpg\"\n\t\t\tdata-image-id=\"299\"\n\t\t\tdata-image-name=\"pc111917.jpg\"\n\t\t\tdata-title=\"OLYMPUS DIGITAL CAMERA         \"\n\t\t\tdata-description=\"Mikulas na Velehrade Dec 2011\"\n\t\t\tdata-image-slug=\"\"\n\t\t\t\t\t\t\t\t\t\t\t\t\t\t\t\t\t\t\t\tclass=\"shutterset_4f993435b506e045519978890e2dd323\">\n\t\t\t\t\t\t\t\t<img\n\t\t\t\t\ttitle=\"OLYMPUS DIGITAL CAMERA         \"\n\t\t\t\t\talt=\"OLYMPUS DIGITAL CAMERA         \"\n\t\t\t\t\tsrc=\"http:\/\/www.velehrad.org.uk\/wp-content\/gallery\/25-gallery-25\/thumbs\/thumbs_pc111917.jpg\"\n\t\t\t\t\twidth=\"100\"\n\t\t\t\t\theight=\"75\"\n\t\t\t\t\tstyle=\"max-width:100%;\"\n\t\t\t\t\/>\n\t\t\t<\/a>\n\t\t<\/div>\n\t\t\t\t\t\t\t<\/div>\n\t\t\t\n\t\t\t\t<div id=\"ngg-image-8\" class=\"ngg-gallery-thumbnail-box\n\t\t\t\t\t\t\t\t\t\t\t\"\n\t\t\t>\n\t\t\t\t\t\t<div class=\"ngg-gallery-thumbnail\">\n\t\t<a href=\"http:\/\/www.velehrad.org.uk\/wp-content\/gallery\/25-gallery-25\/pc111918.jpg\"\n\t\t\ttitle=\"Mikulas na Velehrade Dec 2011\"\n\t\t\tdata-src=\"http:\/\/www.velehrad.org.uk\/wp-content\/gallery\/25-gallery-25\/pc111918.jpg\"\n\t\t\tdata-thumbnail=\"http:\/\/www.velehrad.org.uk\/wp-content\/gallery\/25-gallery-25\/thumbs\/thumbs_pc111918.jpg\"\n\t\t\tdata-image-id=\"300\"\n\t\t\tdata-image-name=\"pc111918.jpg\"\n\t\t\tdata-title=\"OLYMPUS DIGITAL CAMERA         \"\n\t\t\tdata-description=\"Mikulas na Velehrade Dec 2011\"\n\t\t\tdata-image-slug=\"\"\n\t\t\t\t\t\t\t\t\t\t\t\t\t\t\t\t\t\t\t\tclass=\"shutterset_4f993435b506e045519978890e2dd323\">\n\t\t\t\t\t\t\t\t<img\n\t\t\t\t\ttitle=\"OLYMPUS DIGITAL CAMERA         \"\n\t\t\t\t\talt=\"OLYMPUS DIGITAL CAMERA         \"\n\t\t\t\t\tsrc=\"http:\/\/www.velehrad.org.uk\/wp-content\/gallery\/25-gallery-25\/thumbs\/thumbs_pc111918.jpg\"\n\t\t\t\t\twidth=\"100\"\n\t\t\t\t\theight=\"75\"\n\t\t\t\t\tstyle=\"max-width:100%;\"\n\t\t\t\t\/>\n\t\t\t<\/a>\n\t\t<\/div>\n\t\t\t\t\t\t\t<\/div>\n\t\t\t\n\t\t\t\t<div id=\"ngg-image-9\" class=\"ngg-gallery-thumbnail-box\n\t\t\t\t\t\t\t\t\t\t\t\"\n\t\t\t>\n\t\t\t\t\t\t<div class=\"ngg-gallery-thumbnail\">\n\t\t<a href=\"http:\/\/www.velehrad.org.uk\/wp-content\/gallery\/25-gallery-25\/pc111920.jpg\"\n\t\t\ttitle=\"Mikulas na Velehrade Dec 2011\"\n\t\t\tdata-src=\"http:\/\/www.velehrad.org.uk\/wp-content\/gallery\/25-gallery-25\/pc111920.jpg\"\n\t\t\tdata-thumbnail=\"http:\/\/www.velehrad.org.uk\/wp-content\/gallery\/25-gallery-25\/thumbs\/thumbs_pc111920.jpg\"\n\t\t\tdata-image-id=\"301\"\n\t\t\tdata-image-name=\"pc111920.jpg\"\n\t\t\tdata-title=\"OLYMPUS DIGITAL CAMERA         \"\n\t\t\tdata-description=\"Mikulas na Velehrade Dec 2011\"\n\t\t\tdata-image-slug=\"\"\n\t\t\t\t\t\t\t\t\t\t\t\t\t\t\t\t\t\t\t\tclass=\"shutterset_4f993435b506e045519978890e2dd323\">\n\t\t\t\t\t\t\t\t<img\n\t\t\t\t\ttitle=\"OLYMPUS DIGITAL CAMERA         \"\n\t\t\t\t\talt=\"OLYMPUS DIGITAL CAMERA         \"\n\t\t\t\t\tsrc=\"http:\/\/www.velehrad.org.uk\/wp-content\/gallery\/25-gallery-25\/thumbs\/thumbs_pc111920.jpg\"\n\t\t\t\t\twidth=\"100\"\n\t\t\t\t\theight=\"75\"\n\t\t\t\t\tstyle=\"max-width:100%;\"\n\t\t\t\t\/>\n\t\t\t<\/a>\n\t\t<\/div>\n\t\t\t\t\t\t\t<\/div>\n\t\t\t\n\t\t\t\t<div id=\"ngg-image-10\" class=\"ngg-gallery-thumbnail-box\n\t\t\t\t\t\t\t\t\t\t\t\"\n\t\t\t>\n\t\t\t\t\t\t<div class=\"ngg-gallery-thumbnail\">\n\t\t<a href=\"http:\/\/www.velehrad.org.uk\/wp-content\/gallery\/25-gallery-25\/pc111921.jpg\"\n\t\t\ttitle=\"Mikulas na Velehrade Dec 2011\"\n\t\t\tdata-src=\"http:\/\/www.velehrad.org.uk\/wp-content\/gallery\/25-gallery-25\/pc111921.jpg\"\n\t\t\tdata-thumbnail=\"http:\/\/www.velehrad.org.uk\/wp-content\/gallery\/25-gallery-25\/thumbs\/thumbs_pc111921.jpg\"\n\t\t\tdata-image-id=\"302\"\n\t\t\tdata-image-name=\"pc111921.jpg\"\n\t\t\tdata-title=\"OLYMPUS DIGITAL CAMERA         \"\n\t\t\tdata-description=\"Mikulas na Velehrade Dec 2011\"\n\t\t\tdata-image-slug=\"\"\n\t\t\t\t\t\t\t\t\t\t\t\t\t\t\t\t\t\t\t\tclass=\"shutterset_4f993435b506e045519978890e2dd323\">\n\t\t\t\t\t\t\t\t<img\n\t\t\t\t\ttitle=\"OLYMPUS DIGITAL CAMERA         \"\n\t\t\t\t\talt=\"OLYMPUS DIGITAL CAMERA         \"\n\t\t\t\t\tsrc=\"http:\/\/www.velehrad.org.uk\/wp-content\/gallery\/25-gallery-25\/thumbs\/thumbs_pc111921.jpg\"\n\t\t\t\t\twidth=\"100\"\n\t\t\t\t\theight=\"75\"\n\t\t\t\t\tstyle=\"max-width:100%;\"\n\t\t\t\t\/>\n\t\t\t<\/a>\n\t\t<\/div>\n\t\t\t\t\t\t\t<\/div>\n\t\t\t\n\t\t\t\t<div id=\"ngg-image-11\" class=\"ngg-gallery-thumbnail-box\n\t\t\t\t\t\t\t\t\t\t\t\"\n\t\t\t>\n\t\t\t\t\t\t<div class=\"ngg-gallery-thumbnail\">\n\t\t<a href=\"http:\/\/www.velehrad.org.uk\/wp-content\/gallery\/25-gallery-25\/pc111922.jpg\"\n\t\t\ttitle=\"Mikulas na Velehrade Dec 2011\"\n\t\t\tdata-src=\"http:\/\/www.velehrad.org.uk\/wp-content\/gallery\/25-gallery-25\/pc111922.jpg\"\n\t\t\tdata-thumbnail=\"http:\/\/www.velehrad.org.uk\/wp-content\/gallery\/25-gallery-25\/thumbs\/thumbs_pc111922.jpg\"\n\t\t\tdata-image-id=\"303\"\n\t\t\tdata-image-name=\"pc111922.jpg\"\n\t\t\tdata-title=\"OLYMPUS DIGITAL CAMERA         \"\n\t\t\tdata-description=\"Mikulas na Velehrade Dec 2011\"\n\t\t\tdata-image-slug=\"\"\n\t\t\t\t\t\t\t\t\t\t\t\t\t\t\t\t\t\t\t\tclass=\"shutterset_4f993435b506e045519978890e2dd323\">\n\t\t\t\t\t\t\t\t<img\n\t\t\t\t\ttitle=\"OLYMPUS DIGITAL CAMERA         \"\n\t\t\t\t\talt=\"OLYMPUS DIGITAL CAMERA         \"\n\t\t\t\t\tsrc=\"http:\/\/www.velehrad.org.uk\/wp-content\/gallery\/25-gallery-25\/thumbs\/thumbs_pc111922.jpg\"\n\t\t\t\t\twidth=\"100\"\n\t\t\t\t\theight=\"75\"\n\t\t\t\t\tstyle=\"max-width:100%;\"\n\t\t\t\t\/>\n\t\t\t<\/a>\n\t\t<\/div>\n\t\t\t\t\t\t\t<\/div>\n\t\t\t\n\t\n\t<br style=\"clear: both\" \/>\n\n\t\t<div class=\"slideshowlink\">\n\t\t<a href='http:\/\/www.velehrad.org.uk\/index.php\/nggallery\/slideshow?p=6017'>[Show as slideshow]<\/a>\n\n\t<\/div>\n\t\n\t\t<!-- Pagination -->\n\t\t<div class='ngg-clear'><\/div>\t<\/div>\n<\/p>\n","protected":false},"excerpt":{"rendered":"<p>[Show as slideshow]<\/p>\n","protected":false},"author":1,"featured_media":0,"comment_status":"closed","ping_status":"closed","sticky":false,"template":"","format":"standard","meta":{"ngg_post_thumbnail":0,"footnotes":""},"categories":[3,20],"tags":[],"class_list":["post-6017","post","type-post","status-publish","format-standard","hentry","category-fotoalbum","category-novinky"],"post_mailing_queue_ids":[],"_links":{"self":[{"href":"http:\/\/www.velehrad.org.uk\/index.php?rest_route=\/wp\/v2\/posts\/6017","targetHints":{"allow":["GET"]}}],"collection":[{"href":"http:\/\/www.velehrad.org.uk\/index.php?rest_route=\/wp\/v2\/posts"}],"about":[{"href":"http:\/\/www.velehrad.org.uk\/index.php?rest_route=\/wp\/v2\/types\/post"}],"author":[{"embeddable":true,"href":"http:\/\/www.velehrad.org.uk\/index.php?rest_route=\/wp\/v2\/users\/1"}],"replies":[{"embeddable":true,"href":"http:\/\/www.velehrad.org.uk\/index.php?rest_route=%2Fwp%2Fv2%2Fcomments&post=6017"}],"version-history":[{"count":1,"href":"http:\/\/www.velehrad.org.uk\/index.php?rest_route=\/wp\/v2\/posts\/6017\/revisions"}],"predecessor-version":[{"id":6019,"href":"http:\/\/www.velehrad.org.uk\/index.php?rest_route=\/wp\/v2\/posts\/6017\/revisions\/6019"}],"wp:attachment":[{"href":"http:\/\/www.velehrad.org.uk\/index.php?rest_route=%2Fwp%2Fv2%2Fmedia&parent=6017"}],"wp:term":[{"taxonomy":"category","embeddable":true,"href":"http:\/\/www.velehrad.org.uk\/index.php?rest_route=%2Fwp%2Fv2%2Fcategories&post=6017"},{"taxonomy":"post_tag","embeddable":true,"href":"http:\/\/www.velehrad.org.uk\/index.php?rest_route=%2Fwp%2Fv2%2Ftags&post=6017"}],"curies":[{"name":"wp","href":"https:\/\/api.w.org\/{rel}","templated":true}]}}