{"id":6049,"date":"2011-05-09T23:55:44","date_gmt":"2011-05-09T21:55:44","guid":{"rendered":"http:\/\/www.velehrad.org.uk\/?p=6049"},"modified":"2017-02-20T23:56:24","modified_gmt":"2017-02-20T21:56:24","slug":"evropska-noc-literatury","status":"publish","type":"post","link":"http:\/\/www.velehrad.org.uk\/?p=6049","title":{"rendered":"Evropsk\u00e1 noc literatury"},"content":{"rendered":"<p><strong>\u00a011.kv\u011btna v 18.30 se bude konat v Conference Centre, British Library <\/strong>ka\u017edoro\u010dn\u00ed Evropsk\u00e1 noc literatury, zahrnuj\u00edc\u00ed v\u00edce ne\u017e 18 hlavn\u00edch m\u011bst kontinentu. Info: Czech Centre<\/p>\n","protected":false},"excerpt":{"rendered":"<p>\u00a011.kv\u011btna v 18.30 se bude konat v Conference Centre, British Library ka\u017edoro\u010dn\u00ed Evropsk\u00e1 noc literatury, zahrnuj\u00edc\u00ed v\u00edce ne\u017e 18 hlavn\u00edch m\u011bst kontinentu. Info: Czech Centre<\/p>\n","protected":false},"author":1,"featured_media":0,"comment_status":"closed","ping_status":"closed","sticky":false,"template":"","format":"standard","meta":{"ngg_post_thumbnail":0,"footnotes":""},"categories":[1],"tags":[],"class_list":["post-6049","post","type-post","status-publish","format-standard","hentry","category-akce-velehradu"],"post_mailing_queue_ids":[],"_links":{"self":[{"href":"http:\/\/www.velehrad.org.uk\/index.php?rest_route=\/wp\/v2\/posts\/6049","targetHints":{"allow":["GET"]}}],"collection":[{"href":"http:\/\/www.velehrad.org.uk\/index.php?rest_route=\/wp\/v2\/posts"}],"about":[{"href":"http:\/\/www.velehrad.org.uk\/index.php?rest_route=\/wp\/v2\/types\/post"}],"author":[{"embeddable":true,"href":"http:\/\/www.velehrad.org.uk\/index.php?rest_route=\/wp\/v2\/users\/1"}],"replies":[{"embeddable":true,"href":"http:\/\/www.velehrad.org.uk\/index.php?rest_route=%2Fwp%2Fv2%2Fcomments&post=6049"}],"version-history":[{"count":1,"href":"http:\/\/www.velehrad.org.uk\/index.php?rest_route=\/wp\/v2\/posts\/6049\/revisions"}],"predecessor-version":[{"id":6050,"href":"http:\/\/www.velehrad.org.uk\/index.php?rest_route=\/wp\/v2\/posts\/6049\/revisions\/6050"}],"wp:attachment":[{"href":"http:\/\/www.velehrad.org.uk\/index.php?rest_route=%2Fwp%2Fv2%2Fmedia&parent=6049"}],"wp:term":[{"taxonomy":"category","embeddable":true,"href":"http:\/\/www.velehrad.org.uk\/index.php?rest_route=%2Fwp%2Fv2%2Fcategories&post=6049"},{"taxonomy":"post_tag","embeddable":true,"href":"http:\/\/www.velehrad.org.uk\/index.php?rest_route=%2Fwp%2Fv2%2Ftags&post=6049"}],"curies":[{"name":"wp","href":"https:\/\/api.w.org\/{rel}","templated":true}]}}