{"id":6053,"date":"2017-02-22T12:51:47","date_gmt":"2017-02-22T10:51:47","guid":{"rendered":"http:\/\/www.velehrad.org.uk\/?p=6053"},"modified":"2017-02-22T12:51:47","modified_gmt":"2017-02-22T10:51:47","slug":"invitation-to-the-first-central-european-conference-5-3-17","status":"publish","type":"post","link":"http:\/\/www.velehrad.org.uk\/?p=6053","title":{"rendered":"Invitation to the First Central European Conference 5.3.17"},"content":{"rendered":"<p>Are you interested in the current challenges and opportunities of the Czech and Slovak republics? Would you like to see them addressed by excellent speakers such as the former Slovak Prime Minister Iveta Radicova or the famous Tomas Sedlacek? Join us at the First Central European Conference at LSE! <!--more--><\/p>\n<p>We will discuss the current issues with world-renowned speakers during five panel discussions on the 5th of March, so don\u2019t wait and find the link to buy your ticket here: <a href=\"https:\/\/www.facebook.com\/events\/1415621361805003\/\" target=\"_blank\" data-saferedirecturl=\"https:\/\/www.google.com\/url?hl=en-GB&amp;q=https:\/\/www.facebook.com\/events\/1415621361805003\/&amp;source=gmail&amp;ust=1487846600271000&amp;usg=AFQjCNGfiLYiSM9uYiHfVN4CG1ypwToe5g\">https:\/\/www.facebook.com\/<wbr \/>events\/1415621361805003\/<\/a> &lt;<a href=\"https:\/\/www.facebook.com\/events\/1415621361805003\/?acontext=%7B%22source%22%3A22%2C%22action_history%22%3A%22%5B%7B%5C%22surface%5C%22%3A%5C%22timeline%5C%22%2C%5C%22mechanism%5C%22%3A%5C%22surface%5C%22%2C%5C%22extra_data%5C%22%3A%5B%5D%7D%5D%22%2C%22has_source%22%3Atrue%7D&amp;source=22&amp;action_history=%5B%7B%22surface%22%3A%22timeline%22%2C%22mechanism%22%3A%22surface%22%2C%22extra_data%22%3A%5B%5D%7D%5D&amp;has_source=1\" target=\"_blank\" data-saferedirecturl=\"https:\/\/www.google.com\/url?hl=en-GB&amp;q=https:\/\/www.facebook.com\/events\/1415621361805003\/?acontext%3D%257B%2522source%2522%253A22%252C%2522action_history%2522%253A%2522%255B%257B%255C%2522surface%255C%2522%253A%255C%2522timeline%255C%2522%252C%255C%2522mechanism%255C%2522%253A%255C%2522surface%255C%2522%252C%255C%2522extra_data%255C%2522%253A%255B%255D%257D%255D%2522%252C%2522has_source%2522%253Atrue%257D%26source%3D22%26action_history%3D%255B%257B%2522surface%2522%253A%2522timeline%2522%252C%2522mechanism%2522%253A%2522surface%2522%252C%2522extra_data%2522%253A%255B%255D%257D%255D%26has_source%3D1&amp;source=gmail&amp;ust=1487846600271000&amp;usg=AFQjCNEYUlT1agVNBXTmsRNGZ-_OLsuXng\">https:\/\/www.facebook.com\/<wbr \/>events\/1415621361805003\/?<wbr \/>acontext=%7B%22source%22%3A22%<wbr \/>2C%22action_history%22%3A%22%<wbr \/>5B%7B%5C%22surface%5C%22%3A%<wbr \/>5C%22timeline%5C%22%2C%5C%<wbr \/>22mechanism%5C%22%3A%5C%<wbr \/>22surface%5C%22%2C%5C%22extra_<wbr \/>data%5C%22%3A%5B%5D%7D%5D%22%<wbr \/>2C%22has_source%22%3Atrue%7D&amp;<wbr \/>source=22&amp;action_history=%5B%<wbr \/>7B%22surface%22%3A%22timeline%<wbr \/>22%2C%22mechanism%22%3A%<wbr \/>22surface%22%2C%22extra_data%<wbr \/>22%3A%5B%5D%7D%5D&amp;has_source=1<\/a><wbr \/>&gt;  or on our website right now!<br \/>\nIf you are interested in profiles of all of our speakers and the news about the conference, please keep an eye on our Facebook page: <a href=\"https:\/\/www.facebook.com\/LSESUCEconference\/\" target=\"_blank\" data-saferedirecturl=\"https:\/\/www.google.com\/url?hl=en-GB&amp;q=https:\/\/www.facebook.com\/LSESUCEconference\/&amp;source=gmail&amp;ust=1487846600272000&amp;usg=AFQjCNGo8rf9eiPirQI2bAtVRLtkBMd5RQ\">https:\/\/www.facebook.com\/<wbr \/>LSESUCEconference\/<\/a> &lt;<a href=\"https:\/\/www.facebook.com\/LSESUCEconference\/\" target=\"_blank\" data-saferedirecturl=\"https:\/\/www.google.com\/url?hl=en-GB&amp;q=https:\/\/www.facebook.com\/LSESUCEconference\/&amp;source=gmail&amp;ust=1487846600272000&amp;usg=AFQjCNGo8rf9eiPirQI2bAtVRLtkBMd5RQ\">https:\/\/www.facebook.com\/<wbr \/>LSESUCEconference\/<\/a>&gt; \u00a0and website: <a href=\"http:\/\/www.centraleuropeanconference.org\" target=\"_blank\" data-saferedirecturl=\"https:\/\/www.google.com\/url?hl=en-GB&amp;q=http:\/\/www.centraleuropeanconference.org&amp;source=gmail&amp;ust=1487846600272000&amp;usg=AFQjCNFBaS2QoVWed863S4CsGwgEMxITHw\">http:\/\/www.<wbr \/>centraleuropeanconference.org<\/a> &lt;<a href=\"http:\/\/www.centraleuropeanconference.org\/\" target=\"_blank\" data-saferedirecturl=\"https:\/\/www.google.com\/url?hl=en-GB&amp;q=http:\/\/www.centraleuropeanconference.org\/&amp;source=gmail&amp;ust=1487846600272000&amp;usg=AFQjCNEbWbWpGy2M6FNjznbW0lqpSVfM3A\">http:\/\/www.<wbr \/>centraleuropeanconference.org\/<\/a><wbr \/>&gt;<br \/>\nWe are looking forward to seeing you there!<br \/>\nAnna Dusenkova, UCL<\/p>\n","protected":false},"excerpt":{"rendered":"<p>Are you interested in the current challenges and opportunities of the Czech and Slovak republics? Would you like to see them addressed by excellent speakers such as the former Slovak Prime Minister Iveta Radicova or the famous Tomas Sedlacek? Join us at the First Central European&hellip; <a class=\"read-more-link\" href=\"http:\/\/www.velehrad.org.uk\/?p=6053\">\u010ct\u011bte v\u00edce<\/a><\/p>\n","protected":false},"author":1,"featured_media":6054,"comment_status":"closed","ping_status":"closed","sticky":false,"template":"","format":"standard","meta":{"ngg_post_thumbnail":0,"footnotes":""},"categories":[1],"tags":[],"class_list":["post-6053","post","type-post","status-publish","format-standard","has-post-thumbnail","hentry","category-akce-velehradu"],"post_mailing_queue_ids":[],"_links":{"self":[{"href":"http:\/\/www.velehrad.org.uk\/index.php?rest_route=\/wp\/v2\/posts\/6053","targetHints":{"allow":["GET"]}}],"collection":[{"href":"http:\/\/www.velehrad.org.uk\/index.php?rest_route=\/wp\/v2\/posts"}],"about":[{"href":"http:\/\/www.velehrad.org.uk\/index.php?rest_route=\/wp\/v2\/types\/post"}],"author":[{"embeddable":true,"href":"http:\/\/www.velehrad.org.uk\/index.php?rest_route=\/wp\/v2\/users\/1"}],"replies":[{"embeddable":true,"href":"http:\/\/www.velehrad.org.uk\/index.php?rest_route=%2Fwp%2Fv2%2Fcomments&post=6053"}],"version-history":[{"count":1,"href":"http:\/\/www.velehrad.org.uk\/index.php?rest_route=\/wp\/v2\/posts\/6053\/revisions"}],"predecessor-version":[{"id":6055,"href":"http:\/\/www.velehrad.org.uk\/index.php?rest_route=\/wp\/v2\/posts\/6053\/revisions\/6055"}],"wp:featuredmedia":[{"embeddable":true,"href":"http:\/\/www.velehrad.org.uk\/index.php?rest_route=\/wp\/v2\/media\/6054"}],"wp:attachment":[{"href":"http:\/\/www.velehrad.org.uk\/index.php?rest_route=%2Fwp%2Fv2%2Fmedia&parent=6053"}],"wp:term":[{"taxonomy":"category","embeddable":true,"href":"http:\/\/www.velehrad.org.uk\/index.php?rest_route=%2Fwp%2Fv2%2Fcategories&post=6053"},{"taxonomy":"post_tag","embeddable":true,"href":"http:\/\/www.velehrad.org.uk\/index.php?rest_route=%2Fwp%2Fv2%2Ftags&post=6053"}],"curies":[{"name":"wp","href":"https:\/\/api.w.org\/{rel}","templated":true}]}}