{"id":6071,"date":"2017-03-07T14:59:22","date_gmt":"2017-03-07T12:59:22","guid":{"rendered":"http:\/\/www.velehrad.org.uk\/?p=6071"},"modified":"2017-03-07T14:59:38","modified_gmt":"2017-03-07T12:59:38","slug":"bcsa-event-my-life-and-work-an-illustrated-talk-by-prima-ballerina-daria-klimentova-27-march-2017","status":"publish","type":"post","link":"http:\/\/www.velehrad.org.uk\/?p=6071","title":{"rendered":"BCSA event: My Life and Work &#8211; an illustrated talk by prima ballerina Daria Klimentova &#8211; 27 March 2017"},"content":{"rendered":"<p>Members of the public are invited to attend the following event organised with the kind cooperation of the Embassy of the Slovak Republic<\/p>\n<p><strong>My Life and Work<br \/>\nAn illustrated talk by prima ballerina Daria Klimentov\u00e1 <\/strong><!--more--><\/p>\n<p><strong><br \/>\n<\/strong>Surprising the world of ballet with her appointment as principal dancer with the Prague National Ballet Company at the early age of 18, Daria Klimentov\u00e1 went on to have a stunning international career, garnering prize after prize and winning fans around the globe. In 2014, after many years as Principal Ballerina with English National Opera, her retirement made front-page news and her farewell performance in Romeo and Juliet at the Albert Hall was a triumph. Since then she has devoted herself to the education of new generations of dancers, notably by founding and teaching the International Ballet Masterclasses at Prague\u2019s N\u00e1rodn\u00ed divadlo. Her autobiography <em>Daria Klimentov\u00e1 \u2013 Agony and Ecstasy \u2013 My Life in Dance <\/em>was published in 2013.<\/p>\n<p>A self-avowed \u201clistless child\u201d, who only grudgingly took up dancing rather than athletics, Daria has been lauded for her technical perfection, mature appreciation of roles, and her feminine grace. When quizzed about continuing to perform following her recovery from serious injuries, she retorted \u201cWe\u2019re all a little crazy here, we dance until we drop\u201d.<br \/>\n<strong><br \/>\n<\/strong>Vital and charming rather than crazy, Daria will evoke the highs and lows of her stellar career and hopefully demonstrate her other talent as a photographer of professional standard.<\/p>\n<p><strong>Monday 27 March 2017<br \/>\nAt 6.30pm (doors open 6.15pm))<br \/>\nat the Slovak Embassy 25 Kensington Palace Gardens, London W8 4QY<br \/>\n<\/strong>(nearest Underground station, Notting Hill Gate)<br \/>\nThose attending are asked to ensure they leave the embassy premises by 8.30pm<\/p>\n<p><strong>Admission \u00a310.00, free for members of the BCSA, but numbers are limited and registration is necessary by e-mail to <a href=\"http:\/\/bcsa@bcsa.co.uk\" data-saferedirecturl=\"https:\/\/www.google.com\/url?hl=en-GB&amp;q=http:\/\/bcsa@bcsa.co.uk&amp;source=gmail&amp;ust=1488977802431000&amp;usg=AFQjCNH5R9EIzBsqSQiT41go2orcYE9e1A\">bcsa@bcsa.co.uk<\/a> or by phone 020 8795 4875 by Thursday 23 March <\/strong><\/p>\n","protected":false},"excerpt":{"rendered":"<p>Members of the public are invited to attend the following event organised with the kind cooperation of the Embassy of the Slovak Republic My Life and Work An illustrated talk by prima ballerina Daria Klimentov\u00e1<\/p>\n","protected":false},"author":1,"featured_media":6072,"comment_status":"closed","ping_status":"closed","sticky":false,"template":"","format":"standard","meta":{"ngg_post_thumbnail":0,"footnotes":""},"categories":[1],"tags":[],"class_list":["post-6071","post","type-post","status-publish","format-standard","has-post-thumbnail","hentry","category-akce-velehradu"],"post_mailing_queue_ids":[],"_links":{"self":[{"href":"http:\/\/www.velehrad.org.uk\/index.php?rest_route=\/wp\/v2\/posts\/6071","targetHints":{"allow":["GET"]}}],"collection":[{"href":"http:\/\/www.velehrad.org.uk\/index.php?rest_route=\/wp\/v2\/posts"}],"about":[{"href":"http:\/\/www.velehrad.org.uk\/index.php?rest_route=\/wp\/v2\/types\/post"}],"author":[{"embeddable":true,"href":"http:\/\/www.velehrad.org.uk\/index.php?rest_route=\/wp\/v2\/users\/1"}],"replies":[{"embeddable":true,"href":"http:\/\/www.velehrad.org.uk\/index.php?rest_route=%2Fwp%2Fv2%2Fcomments&post=6071"}],"version-history":[{"count":2,"href":"http:\/\/www.velehrad.org.uk\/index.php?rest_route=\/wp\/v2\/posts\/6071\/revisions"}],"predecessor-version":[{"id":6074,"href":"http:\/\/www.velehrad.org.uk\/index.php?rest_route=\/wp\/v2\/posts\/6071\/revisions\/6074"}],"wp:featuredmedia":[{"embeddable":true,"href":"http:\/\/www.velehrad.org.uk\/index.php?rest_route=\/wp\/v2\/media\/6072"}],"wp:attachment":[{"href":"http:\/\/www.velehrad.org.uk\/index.php?rest_route=%2Fwp%2Fv2%2Fmedia&parent=6071"}],"wp:term":[{"taxonomy":"category","embeddable":true,"href":"http:\/\/www.velehrad.org.uk\/index.php?rest_route=%2Fwp%2Fv2%2Fcategories&post=6071"},{"taxonomy":"post_tag","embeddable":true,"href":"http:\/\/www.velehrad.org.uk\/index.php?rest_route=%2Fwp%2Fv2%2Ftags&post=6071"}],"curies":[{"name":"wp","href":"https:\/\/api.w.org\/{rel}","templated":true}]}}