{"id":6095,"date":"2017-03-27T13:46:00","date_gmt":"2017-03-27T11:46:00","guid":{"rendered":"http:\/\/www.velehrad.org.uk\/?p=6095"},"modified":"2017-03-27T13:46:41","modified_gmt":"2017-03-27T11:46:41","slug":"kardinal-miloslav-vlk-osobni-vyznani-z-ranych-let-zivota","status":"publish","type":"post","link":"http:\/\/www.velehrad.org.uk\/?p=6095","title":{"rendered":"Kardin\u00e1l Miloslav Vlk &#8211; osobn\u00ed vyzn\u00e1n\u00ed z ran\u00fdch let \u017eivota"},"content":{"rendered":"<p>\u010cesk\u00e1 republika ztratila jednoho z vedouc\u00edch c\u00edrkevn\u00edch p\u0159edstavitel\u016f. Karin\u00e1l Miloslav Vlk, d\u0159\u00edv\u011bj\u0161\u00ed hlava \u010desk\u00e9 \u0158\u00edmsko-katolick\u00e9 c\u00edrkve, podlehl rakovin\u011b ve v\u011bku 84 let. Byl \u010dlov\u011bkem neochv\u011bjn\u00e9 v\u00edry, odv\u00e1\u017en\u00e9ho srdce b\u011bhem let komunismu a zodpov\u011bdn\u00e9ho p\u0159\u00edstupu ke sv\u00e9 slu\u017eb\u011b, a\u0165 u\u017e jako pastor v odlehl\u00e9 horsk\u00e9 farnosti \u010di jako Acribiskup Pra\u017esk\u00fd. Ve speci\u00e1ln\u00edm interview pro \u010cesk\u00fd rozhlas rozkr\u00fdv\u00e1 Kardin\u00e1l Vlk svou cestu \u017eivota. Sd\u00edl\u00ed s poslucha\u010dem sv\u00e9 nejnitern\u011bj\u0161\u00ed my\u0161lenky a vzpom\u00ednky. V prvn\u00ed \u010d\u00e1sti interview p\u0159ipom\u00edn\u00e1 sv\u00e9 d\u011btstv\u00ed v ji\u017en\u00edch \u010cech\u00e1ch a sv\u016fj boj s p\u0159esv\u011bd\u010den\u00edm st\u00e1t se kn\u011bzem. Cel\u00fd rozhovor k dispozici zde: <a href=\"http:\/\/radio.cz\/en\/section\/panorama\/cardinal-miloslav-vlk-intimate-confessions-from-his-early-years\">http:\/\/radio.cz\/en\/section\/panorama\/cardinal-miloslav-vlk-intimate-confessions-from-his-early-years<\/a><\/p>\n","protected":false},"excerpt":{"rendered":"<p>\u010cesk\u00e1 republika ztratila jednoho z vedouc\u00edch c\u00edrkevn\u00edch p\u0159edstavitel\u016f. Karin\u00e1l Miloslav Vlk, d\u0159\u00edv\u011bj\u0161\u00ed hlava \u010desk\u00e9 \u0158\u00edmsko-katolick\u00e9 c\u00edrkve, podlehl rakovin\u011b ve v\u011bku 84 let. Byl \u010dlov\u011bkem neochv\u011bjn\u00e9 v\u00edry, odv\u00e1\u017en\u00e9ho srdce b\u011bhem let komunismu a zodpov\u011bdn\u00e9ho p\u0159\u00edstupu ke sv\u00e9 slu\u017eb\u011b, a\u0165 u\u017e jako pastor v odlehl\u00e9 horsk\u00e9 farnosti \u010di&hellip; <a class=\"read-more-link\" href=\"http:\/\/www.velehrad.org.uk\/?p=6095\">\u010ct\u011bte v\u00edce<\/a><\/p>\n","protected":false},"author":1,"featured_media":6096,"comment_status":"closed","ping_status":"closed","sticky":false,"template":"","format":"standard","meta":{"ngg_post_thumbnail":0,"footnotes":""},"categories":[21],"tags":[],"class_list":["post-6095","post","type-post","status-publish","format-standard","has-post-thumbnail","hentry","category-prispevky"],"post_mailing_queue_ids":[],"_links":{"self":[{"href":"http:\/\/www.velehrad.org.uk\/index.php?rest_route=\/wp\/v2\/posts\/6095","targetHints":{"allow":["GET"]}}],"collection":[{"href":"http:\/\/www.velehrad.org.uk\/index.php?rest_route=\/wp\/v2\/posts"}],"about":[{"href":"http:\/\/www.velehrad.org.uk\/index.php?rest_route=\/wp\/v2\/types\/post"}],"author":[{"embeddable":true,"href":"http:\/\/www.velehrad.org.uk\/index.php?rest_route=\/wp\/v2\/users\/1"}],"replies":[{"embeddable":true,"href":"http:\/\/www.velehrad.org.uk\/index.php?rest_route=%2Fwp%2Fv2%2Fcomments&post=6095"}],"version-history":[{"count":2,"href":"http:\/\/www.velehrad.org.uk\/index.php?rest_route=\/wp\/v2\/posts\/6095\/revisions"}],"predecessor-version":[{"id":6098,"href":"http:\/\/www.velehrad.org.uk\/index.php?rest_route=\/wp\/v2\/posts\/6095\/revisions\/6098"}],"wp:featuredmedia":[{"embeddable":true,"href":"http:\/\/www.velehrad.org.uk\/index.php?rest_route=\/wp\/v2\/media\/6096"}],"wp:attachment":[{"href":"http:\/\/www.velehrad.org.uk\/index.php?rest_route=%2Fwp%2Fv2%2Fmedia&parent=6095"}],"wp:term":[{"taxonomy":"category","embeddable":true,"href":"http:\/\/www.velehrad.org.uk\/index.php?rest_route=%2Fwp%2Fv2%2Fcategories&post=6095"},{"taxonomy":"post_tag","embeddable":true,"href":"http:\/\/www.velehrad.org.uk\/index.php?rest_route=%2Fwp%2Fv2%2Ftags&post=6095"}],"curies":[{"name":"wp","href":"https:\/\/api.w.org\/{rel}","templated":true}]}}