{"id":6099,"date":"2017-03-30T11:54:20","date_gmt":"2017-03-30T09:54:20","guid":{"rendered":"http:\/\/www.velehrad.org.uk\/?p=6099"},"modified":"2017-04-06T12:43:46","modified_gmt":"2017-04-06T10:43:46","slug":"the-dvorak-society-invites-saturday-8th-april-2017-at-velehrad-3-30pm-piano-recital-by-patrick-hemmerle","status":"publish","type":"post","link":"http:\/\/www.velehrad.org.uk\/?p=6099","title":{"rendered":"The Dvo\u0159\u00e1k Society invites: Saturday, 8th April 2017 at Velehrad, 4pm Piano Recital by Patrick Hemmerl\u00e9"},"content":{"rendered":"<div class=\"entry-content\">\n<p>We are very fortunate that Patrick Hemmerl\u00e9 has agreed to play to us after the formal part of the AGM. He has recorded Variations on a Theme of Schumann by Nov\u00e1k on the Orpheus label and when in Paris recently performed Pan, Op. 43 in preparation for a new recording.<\/p>\n<p><!--more--><br \/>\n<span id=\"more-557\"><\/span><br \/>\nSaturday, 8th April 2017<br \/>\nat Velehrad 39, Lonsdale Road, Barnes, London SW13 9JP<br \/>\nat 4pm<\/p>\n<p>Piano Recital by Patrick Hemmerl\u00e9<br \/>\nRSVP \u2013 to Hon. Secretary (secretary@dvorak-society.org)<br \/>\nPatrick Hemmerl\u00e9 is a French pianist, born in 1981.\u00a0He studied the piano in France, firstly privately with Nadine Wright and then at the Conservatoire in Paris with Bill Eidi. He received advice from Ventislav Yankoff, Joaqu\u00edn Soriano and Eric Heidsiek.<br \/>\nHe is a prize winner at several international competitions: the Scriabin Competition in Grosseto, Italy (second prize), Toledo (first and Spanish music prize), Valencia (4th\u00a0prize, Spanish music Chopin and Beethoven concerto prizes), CFRPM in Paris.<br \/>\nHis career has led him to play in many festivals in different countries in Europe, North America and China.<br \/>\nThe main focus of his activities as a musician is German music, the French music of the early 20th century, and some of lesser played composers, such as Nov\u00e1k, Martin, or Emmanuel.<br \/>\nPatrick is a fellow commoner and musician in residence at Clare Hall, Cambridge University, where in addition to performing and programming concerts, he also gives talks on various musical subjects.<br \/>\nAll are welcome. This is also an opportunity to view the new premises of &gt;\u00a0Velehrad.<\/p>\n<\/div>\n","protected":false},"excerpt":{"rendered":"<p>We are very fortunate that Patrick Hemmerl\u00e9 has agreed to play to us after the formal part of the AGM. He has recorded Variations on a Theme of Schumann by Nov\u00e1k on the Orpheus label and when in Paris recently performed Pan, Op. 43 in preparation&hellip; <a class=\"read-more-link\" href=\"http:\/\/www.velehrad.org.uk\/?p=6099\">\u010ct\u011bte v\u00edce<\/a><\/p>\n","protected":false},"author":1,"featured_media":6100,"comment_status":"closed","ping_status":"closed","sticky":false,"template":"","format":"standard","meta":{"ngg_post_thumbnail":0,"footnotes":""},"categories":[1],"tags":[],"class_list":["post-6099","post","type-post","status-publish","format-standard","has-post-thumbnail","hentry","category-akce-velehradu"],"post_mailing_queue_ids":[],"_links":{"self":[{"href":"http:\/\/www.velehrad.org.uk\/index.php?rest_route=\/wp\/v2\/posts\/6099","targetHints":{"allow":["GET"]}}],"collection":[{"href":"http:\/\/www.velehrad.org.uk\/index.php?rest_route=\/wp\/v2\/posts"}],"about":[{"href":"http:\/\/www.velehrad.org.uk\/index.php?rest_route=\/wp\/v2\/types\/post"}],"author":[{"embeddable":true,"href":"http:\/\/www.velehrad.org.uk\/index.php?rest_route=\/wp\/v2\/users\/1"}],"replies":[{"embeddable":true,"href":"http:\/\/www.velehrad.org.uk\/index.php?rest_route=%2Fwp%2Fv2%2Fcomments&post=6099"}],"version-history":[{"count":2,"href":"http:\/\/www.velehrad.org.uk\/index.php?rest_route=\/wp\/v2\/posts\/6099\/revisions"}],"predecessor-version":[{"id":6117,"href":"http:\/\/www.velehrad.org.uk\/index.php?rest_route=\/wp\/v2\/posts\/6099\/revisions\/6117"}],"wp:featuredmedia":[{"embeddable":true,"href":"http:\/\/www.velehrad.org.uk\/index.php?rest_route=\/wp\/v2\/media\/6100"}],"wp:attachment":[{"href":"http:\/\/www.velehrad.org.uk\/index.php?rest_route=%2Fwp%2Fv2%2Fmedia&parent=6099"}],"wp:term":[{"taxonomy":"category","embeddable":true,"href":"http:\/\/www.velehrad.org.uk\/index.php?rest_route=%2Fwp%2Fv2%2Fcategories&post=6099"},{"taxonomy":"post_tag","embeddable":true,"href":"http:\/\/www.velehrad.org.uk\/index.php?rest_route=%2Fwp%2Fv2%2Ftags&post=6099"}],"curies":[{"name":"wp","href":"https:\/\/api.w.org\/{rel}","templated":true}]}}