{"id":6263,"date":"2017-08-17T15:13:20","date_gmt":"2017-08-17T13:13:20","guid":{"rendered":"http:\/\/www.velehrad.org.uk\/?p=6263"},"modified":"2017-08-27T22:51:06","modified_gmt":"2017-08-27T20:51:06","slug":"mile-setkani-po-trech-letech","status":"publish","type":"post","link":"http:\/\/www.velehrad.org.uk\/?p=6263","title":{"rendered":"Mil\u00e9 setk\u00e1n\u00ed po t\u0159ech letech."},"content":{"rendered":"<p>Na p\u00e1r dn\u00ed letn\u00ed dovolen\u00e9 p\u0159ijel n\u00e1s na Lond\u00fdnsk\u00fd Velehrad nav\u0161t\u00edvit n\u00e1\u0161 mil\u00fd p\u0159\u00edtel, otec Ji\u0159\u00ed (z Olomouck\u00e9 diec\u00e9ze), kter\u00fd p\u0159ed \u010dasem jezd\u00edval z \u0158\u00edma slou\u017eit \u010deskou m\u0161i do Lond\u00fdna pro na\u0161i katolickou komunitu. I p\u0159es to, \u017ee jsou letn\u00ed pr\u00e1zdniny a mnoho z n\u00e1s nen\u00ed v Lond\u00fdn\u011b, tak se n\u00e1s se\u0161lo dv\u011b des\u00edtky a tucet mal\u00fdch d\u011bt\u00ed. Po soukrom\u00e9 m\u0161i n\u00e1sledovalo mil\u00e9 setk\u00e1n\u00ed s otcem Ji\u0159\u00edm a ob\u010derstven\u00ed v zahrad\u011b Velehradu. Po\u010das\u00ed n\u00e1m p\u0159\u00e1lo.<\/p>\n<p><a href=\"http:\/\/www.velehrad.org.uk\/wp-content\/uploads\/2017\/08\/o-JZ-na-Velehrade-1-e1503867041923.jpg\"><img loading=\"lazy\" decoding=\"async\" class=\"alignleft size-medium wp-image-6278\" src=\"http:\/\/www.velehrad.org.uk\/wp-content\/uploads\/2017\/08\/o-JZ-na-Velehrade-1-e1503867041923-300x225.jpg\" alt=\"\" width=\"300\" height=\"225\" srcset=\"http:\/\/www.velehrad.org.uk\/wp-content\/uploads\/2017\/08\/o-JZ-na-Velehrade-1-e1503867041923-300x225.jpg 300w, http:\/\/www.velehrad.org.uk\/wp-content\/uploads\/2017\/08\/o-JZ-na-Velehrade-1-e1503867041923.jpg 640w\" sizes=\"auto, (max-width: 300px) 100vw, 300px\" \/><\/a><\/p>\n<p>&nbsp;<\/p>\n","protected":false},"excerpt":{"rendered":"<p>Na p\u00e1r dn\u00ed letn\u00ed dovolen\u00e9 p\u0159ijel n\u00e1s na Lond\u00fdnsk\u00fd Velehrad nav\u0161t\u00edvit n\u00e1\u0161 mil\u00fd p\u0159\u00edtel, otec Ji\u0159\u00ed (z Olomouck\u00e9 diec\u00e9ze), kter\u00fd p\u0159ed \u010dasem jezd\u00edval z \u0158\u00edma slou\u017eit \u010deskou m\u0161i do Lond\u00fdna pro na\u0161i katolickou komunitu. I p\u0159es to, \u017ee jsou letn\u00ed pr\u00e1zdniny a mnoho z n\u00e1s nen\u00ed&hellip; <a class=\"read-more-link\" href=\"http:\/\/www.velehrad.org.uk\/?p=6263\">\u010ct\u011bte v\u00edce<\/a><\/p>\n","protected":false},"author":1,"featured_media":6264,"comment_status":"closed","ping_status":"closed","sticky":false,"template":"","format":"standard","meta":{"ngg_post_thumbnail":0,"footnotes":""},"categories":[20],"tags":[],"class_list":["post-6263","post","type-post","status-publish","format-standard","has-post-thumbnail","hentry","category-novinky"],"post_mailing_queue_ids":[],"_links":{"self":[{"href":"http:\/\/www.velehrad.org.uk\/index.php?rest_route=\/wp\/v2\/posts\/6263","targetHints":{"allow":["GET"]}}],"collection":[{"href":"http:\/\/www.velehrad.org.uk\/index.php?rest_route=\/wp\/v2\/posts"}],"about":[{"href":"http:\/\/www.velehrad.org.uk\/index.php?rest_route=\/wp\/v2\/types\/post"}],"author":[{"embeddable":true,"href":"http:\/\/www.velehrad.org.uk\/index.php?rest_route=\/wp\/v2\/users\/1"}],"replies":[{"embeddable":true,"href":"http:\/\/www.velehrad.org.uk\/index.php?rest_route=%2Fwp%2Fv2%2Fcomments&post=6263"}],"version-history":[{"count":3,"href":"http:\/\/www.velehrad.org.uk\/index.php?rest_route=\/wp\/v2\/posts\/6263\/revisions"}],"predecessor-version":[{"id":6279,"href":"http:\/\/www.velehrad.org.uk\/index.php?rest_route=\/wp\/v2\/posts\/6263\/revisions\/6279"}],"wp:featuredmedia":[{"embeddable":true,"href":"http:\/\/www.velehrad.org.uk\/index.php?rest_route=\/wp\/v2\/media\/6264"}],"wp:attachment":[{"href":"http:\/\/www.velehrad.org.uk\/index.php?rest_route=%2Fwp%2Fv2%2Fmedia&parent=6263"}],"wp:term":[{"taxonomy":"category","embeddable":true,"href":"http:\/\/www.velehrad.org.uk\/index.php?rest_route=%2Fwp%2Fv2%2Fcategories&post=6263"},{"taxonomy":"post_tag","embeddable":true,"href":"http:\/\/www.velehrad.org.uk\/index.php?rest_route=%2Fwp%2Fv2%2Ftags&post=6263"}],"curies":[{"name":"wp","href":"https:\/\/api.w.org\/{rel}","templated":true}]}}