{"id":6290,"date":"2017-09-12T10:54:34","date_gmt":"2017-09-12T08:54:34","guid":{"rendered":"http:\/\/www.velehrad.org.uk\/?p=6290"},"modified":"2017-10-30T14:05:03","modified_gmt":"2017-10-30T12:05:03","slug":"pietni-akt-u-prilezitosti-statniho-svatku-ceske-republiky-k-ucteni-pamatky-cs-letcu-a-vojaku-29-10-17","status":"publish","type":"post","link":"http:\/\/www.velehrad.org.uk\/?p=6290","title":{"rendered":"Pietn\u00ed akt u p\u0159\u00edle\u017eitosti st\u00e1tn\u00edho sv\u00e1tku \u010cesk\u00e9 republiky k uct\u011bn\u00ed pam\u00e1tky \u010ds. letc\u016f a voj\u00e1k\u016f 29.10.17"},"content":{"rendered":"<p><span style=\"font-family: Georgia, 'Times New Roman';\"><b>V&nbsp;ned\u011bli 29. \u0159\u00edjna 2017 ve 14:00 hod.&nbsp;<\/b>prob\u011bhne u \u010ceskoslovensk\u00e9ho pam\u00e1tn\u00edku&nbsp;<b>na vojensk\u00e9m h\u0159bitov\u011b v Brookwoodu<\/b>&nbsp;(Surrey, Woking GU24 0BL)&nbsp;<b>pietn\u00ed akt u p\u0159\u00edle\u017eitosti st\u00e1tn\u00edho sv\u00e1tku \u010cesk\u00e9 republiky k uct\u011bn\u00ed pam\u00e1tky \u010ds. letc\u016f a voj\u00e1k\u016f<\/b>, kte\u0159\u00ed za 2. sv. v\u00e1lky bojovali na \u00fazem\u00ed UK. Akci ji\u017e tradi\u010dn\u011b organizuje Svaz letc\u016f svobodn\u00e9ho \u010ceskoslovenska spole\u010dn\u011b s p\u0159id\u011blenci obrany velvyslanectv\u00ed \u010cR a SR v Lond\u00fdn\u011b.<\/span><span style=\"font-family: Calibri, Verdana, Helvetica, Arial;\">&nbsp;<\/span><\/p>\n<p><span style=\"font-family: Georgia, 'Times New Roman';\">&nbsp;Jako hudebn\u00ed doprovod byla oslovena Julie Sv\u011bcen\u00e1, dcera Jaroslava Sv\u011bcen\u00e9ho. Ze strany velvyslanectv\u00ed \u010cR bude poskytnuto poho\u0161t\u011bn\u00ed (k\u00e1va, \u010daj, chleb\u00ed\u010dky, z\u00e1kusky).<\/span><span style=\"font-family: Calibri, Verdana, Helvetica, Arial;\">&nbsp;Ka\u017ed\u00fd z\u00e1jemce je v\u0159ele v\u00edt\u00e1n.<\/span><\/p>\n<p><span style=\"font-family: Calibri, Verdana, Helvetica, Arial;\"><br \/>\n<\/span><span style=\"font-family: Calibri, Verdana, Helvetica, Arial;\"><br \/>\n<\/span><span style=\"font-family: Georgia, 'Times New Roman';\">Pozv\u00e1nka zde:&nbsp;<a href=\"http:\/\/www.mzv.cz\/london\/cz\/aktuality\/pietni_akt_v_brookwoodu_29_rijna_2017.html\" target=\"_blank\" rel=\"noopener noreferrer\" data-saferedirecturl=\"https:\/\/www.google.com\/url?hl=en-GB&amp;q=http:\/\/www.mzv.cz\/london\/cz\/aktuality\/pietni_akt_v_brookwoodu_29_rijna_2017.html&amp;source=gmail&amp;ust=1505292416663000&amp;usg=AFQjCNEu95dv6NlD3BBmiLmpkcz0ekxLZw\">http:\/\/www.mzv.cz\/london\/cz\/<wbr>aktuality\/pietni_akt_v_<wbr>brookwoodu_29_rijna_2017.html<\/a><\/span><span style=\"font-family: Calibri, Verdana, Helvetica, Arial;\">&lt;<a href=\"http:\/\/www.mzv.cz\/london\/cz\/aktuality\/pietni_akt_v_brookwoodu_29_rijna_2017.html\" target=\"_blank\" rel=\"noopener noreferrer\" data-saferedirecturl=\"https:\/\/www.google.com\/url?hl=en-GB&amp;q=http:\/\/www.mzv.cz\/london\/cz\/aktuality\/pietni_akt_v_brookwoodu_29_rijna_2017.html&amp;source=gmail&amp;ust=1505292416663000&amp;usg=AFQjCNEu95dv6NlD3BBmiLmpkcz0ekxLZw\">http:\/\/www.mzv.cz\/london\/cz\/<wbr>aktuality\/pietni_akt_v_<wbr>brookwoodu_29_rijna_2017.html<\/a>&gt;&nbsp;<\/span><span style=\"font-family: Georgia, 'Times New Roman';\">; EN:<a href=\"http:\/\/www.mzv.cz\/london\/en\/what_s_new\/memorial_ceremony_in_brookwood_on_29.html\" target=\"_blank\" rel=\"noopener noreferrer\" data-saferedirecturl=\"https:\/\/www.google.com\/url?hl=en-GB&amp;q=http:\/\/www.mzv.cz\/london\/en\/what_s_new\/memorial_ceremony_in_brookwood_on_29.html&amp;source=gmail&amp;ust=1505292416663000&amp;usg=AFQjCNGmMR36b2Kt5PtdatGjpnVBVNSZYw\">http:\/\/www.mzv.cz\/london\/en\/<wbr>what_s_new\/memorial_ceremony_<wbr>in_brookwood_on_29.html<\/a><\/span><span style=\"font-family: Calibri, Verdana, Helvetica, Arial;\">&nbsp;&lt;<a href=\"http:\/\/www.mzv.cz\/london\/en\/what_s_new\/memorial_ceremony_in_brookwood_on_29.html\" target=\"_blank\" rel=\"noopener noreferrer\" data-saferedirecturl=\"https:\/\/www.google.com\/url?hl=en-GB&amp;q=http:\/\/www.mzv.cz\/london\/en\/what_s_new\/memorial_ceremony_in_brookwood_on_29.html&amp;source=gmail&amp;ust=1505292416663000&amp;usg=AFQjCNGmMR36b2Kt5PtdatGjpnVBVNSZYw\">http:\/\/www.mzv.cz\/london\/en\/<wbr>what_s_new\/memorial_ceremony_<wbr>in_brookwood_on_29.html<\/a>&gt;&nbsp;<\/span><\/p>\n","protected":false},"excerpt":{"rendered":"<p>V&nbsp;ned\u011bli 29. \u0159\u00edjna 2017 ve 14:00 hod.&nbsp;prob\u011bhne u \u010ceskoslovensk\u00e9ho pam\u00e1tn\u00edku&nbsp;na vojensk\u00e9m h\u0159bitov\u011b v Brookwoodu&nbsp;(Surrey, Woking GU24 0BL)&nbsp;pietn\u00ed akt u p\u0159\u00edle\u017eitosti st\u00e1tn\u00edho sv\u00e1tku \u010cesk\u00e9 republiky k uct\u011bn\u00ed pam\u00e1tky \u010ds. letc\u016f a voj\u00e1k\u016f, kte\u0159\u00ed za 2. sv. v\u00e1lky bojovali na \u00fazem\u00ed UK. Akci ji\u017e tradi\u010dn\u011b organizuje Svaz letc\u016f&hellip; <a class=\"read-more-link\" href=\"http:\/\/www.velehrad.org.uk\/?p=6290\">\u010ct\u011bte v\u00edce<\/a><\/p>\n","protected":false},"author":1,"featured_media":6291,"comment_status":"closed","ping_status":"closed","sticky":false,"template":"","format":"standard","meta":{"ngg_post_thumbnail":0,"footnotes":""},"categories":[1],"tags":[],"class_list":["post-6290","post","type-post","status-publish","format-standard","has-post-thumbnail","hentry","category-akce-velehradu"],"post_mailing_queue_ids":[],"_links":{"self":[{"href":"http:\/\/www.velehrad.org.uk\/index.php?rest_route=\/wp\/v2\/posts\/6290","targetHints":{"allow":["GET"]}}],"collection":[{"href":"http:\/\/www.velehrad.org.uk\/index.php?rest_route=\/wp\/v2\/posts"}],"about":[{"href":"http:\/\/www.velehrad.org.uk\/index.php?rest_route=\/wp\/v2\/types\/post"}],"author":[{"embeddable":true,"href":"http:\/\/www.velehrad.org.uk\/index.php?rest_route=\/wp\/v2\/users\/1"}],"replies":[{"embeddable":true,"href":"http:\/\/www.velehrad.org.uk\/index.php?rest_route=%2Fwp%2Fv2%2Fcomments&post=6290"}],"version-history":[{"count":2,"href":"http:\/\/www.velehrad.org.uk\/index.php?rest_route=\/wp\/v2\/posts\/6290\/revisions"}],"predecessor-version":[{"id":6293,"href":"http:\/\/www.velehrad.org.uk\/index.php?rest_route=\/wp\/v2\/posts\/6290\/revisions\/6293"}],"wp:featuredmedia":[{"embeddable":true,"href":"http:\/\/www.velehrad.org.uk\/index.php?rest_route=\/wp\/v2\/media\/6291"}],"wp:attachment":[{"href":"http:\/\/www.velehrad.org.uk\/index.php?rest_route=%2Fwp%2Fv2%2Fmedia&parent=6290"}],"wp:term":[{"taxonomy":"category","embeddable":true,"href":"http:\/\/www.velehrad.org.uk\/index.php?rest_route=%2Fwp%2Fv2%2Fcategories&post=6290"},{"taxonomy":"post_tag","embeddable":true,"href":"http:\/\/www.velehrad.org.uk\/index.php?rest_route=%2Fwp%2Fv2%2Ftags&post=6290"}],"curies":[{"name":"wp","href":"https:\/\/api.w.org\/{rel}","templated":true}]}}