{"id":6311,"date":"2017-09-27T11:16:05","date_gmt":"2017-09-27T09:16:05","guid":{"rendered":"http:\/\/www.velehrad.org.uk\/?p=6311"},"modified":"2017-10-18T13:08:32","modified_gmt":"2017-10-18T11:08:32","slug":"sv-vaclav-na-londynskem-velehrade","status":"publish","type":"post","link":"http:\/\/www.velehrad.org.uk\/?p=6311","title":{"rendered":"Sv. V\u00e1clav na lond\u00fdnsk\u00e9m Velehrad\u011b"},"content":{"rendered":"<p>Spr\u00e1vn\u00ed rada lond\u00fdnsk\u00e9ho Velehradu d\u011bkuje v\u0161em, kte\u0159\u00ed p\u0159i\u0161li a spolu s n\u00e1mi si p\u0159ipomn\u011bli sv\u011btce a patrona \u010cesk\u00e9 zem\u011b, sv. V\u00e1clava. Prezentov\u00e1n byl z\u00e1v\u011br prvn\u00edho \u010deskoslovensk\u00e9ho historick\u00e9ho filmu o sv. V\u00e1clavu z roku 1929. Z \u00fast otce \u0158eho\u0159e z Mari\u00e1nsk\u00fdch L\u00e1zn\u00ed a z\u00e1stupce velvyslance \u010cR Jana Brunnera zazn\u011bla slova o budov\u00e1n\u00ed svatov\u00e1clavsk\u00e9ho kultu, d\u016fle\u017eitosti sv\u00e1tku pro Prvn\u00ed republiku, a jeho duchovn\u00edm v\u00fdznamu. Krajan\u00e9 si spole\u010dn\u011b zazp\u00edvali lidov\u00e9 p\u00edsn\u011b a d\u011bti si pod veden\u00edm Blanky a Michaely z \u010cesk\u00e9ho ok\u00e9nka p\u0159ipravily kr\u00e1sn\u00e9, tematick\u00e9 rekvizity, kter\u00e9 p\u0159edstavily za zp\u011bvu sboru Velehrad. Po\u010das\u00ed p\u0159\u00e1lo a tak se n\u00e1s se\u0161lo opravdu hodn\u011b. T\u011b\u0161\u00edme na dal\u0161\u00ed setk\u00e1n\u00ed s krajany na Velehrad\u011b.&nbsp;<\/p>\nngg_shortcode_0_placeholder\n","protected":false},"excerpt":{"rendered":"<p>Spr\u00e1vn\u00ed rada lond\u00fdnsk\u00e9ho Velehradu d\u011bkuje v\u0161em, kte\u0159\u00ed p\u0159i\u0161li a spolu s n\u00e1mi si p\u0159ipomn\u011bli sv\u011btce a patrona \u010cesk\u00e9 zem\u011b, sv. V\u00e1clava. Prezentov\u00e1n byl z\u00e1v\u011br prvn\u00edho \u010deskoslovensk\u00e9ho historick\u00e9ho filmu o sv. V\u00e1clavu z roku 1929. Z \u00fast otce \u0158eho\u0159e z Mari\u00e1nsk\u00fdch L\u00e1zn\u00ed a z\u00e1stupce velvyslance \u010cR Jana&hellip; <a class=\"read-more-link\" href=\"http:\/\/www.velehrad.org.uk\/?p=6311\">\u010ct\u011bte v\u00edce<\/a><\/p>\n","protected":false},"author":1,"featured_media":6332,"comment_status":"closed","ping_status":"closed","sticky":false,"template":"","format":"standard","meta":{"ngg_post_thumbnail":0,"footnotes":""},"categories":[1,20],"tags":[],"class_list":["post-6311","post","type-post","status-publish","format-standard","has-post-thumbnail","hentry","category-akce-velehradu","category-novinky"],"post_mailing_queue_ids":[],"_links":{"self":[{"href":"http:\/\/www.velehrad.org.uk\/index.php?rest_route=\/wp\/v2\/posts\/6311","targetHints":{"allow":["GET"]}}],"collection":[{"href":"http:\/\/www.velehrad.org.uk\/index.php?rest_route=\/wp\/v2\/posts"}],"about":[{"href":"http:\/\/www.velehrad.org.uk\/index.php?rest_route=\/wp\/v2\/types\/post"}],"author":[{"embeddable":true,"href":"http:\/\/www.velehrad.org.uk\/index.php?rest_route=\/wp\/v2\/users\/1"}],"replies":[{"embeddable":true,"href":"http:\/\/www.velehrad.org.uk\/index.php?rest_route=%2Fwp%2Fv2%2Fcomments&post=6311"}],"version-history":[{"count":3,"href":"http:\/\/www.velehrad.org.uk\/index.php?rest_route=\/wp\/v2\/posts\/6311\/revisions"}],"predecessor-version":[{"id":6334,"href":"http:\/\/www.velehrad.org.uk\/index.php?rest_route=\/wp\/v2\/posts\/6311\/revisions\/6334"}],"wp:featuredmedia":[{"embeddable":true,"href":"http:\/\/www.velehrad.org.uk\/index.php?rest_route=\/wp\/v2\/media\/6332"}],"wp:attachment":[{"href":"http:\/\/www.velehrad.org.uk\/index.php?rest_route=%2Fwp%2Fv2%2Fmedia&parent=6311"}],"wp:term":[{"taxonomy":"category","embeddable":true,"href":"http:\/\/www.velehrad.org.uk\/index.php?rest_route=%2Fwp%2Fv2%2Fcategories&post=6311"},{"taxonomy":"post_tag","embeddable":true,"href":"http:\/\/www.velehrad.org.uk\/index.php?rest_route=%2Fwp%2Fv2%2Ftags&post=6311"}],"curies":[{"name":"wp","href":"https:\/\/api.w.org\/{rel}","templated":true}]}}