{"id":6335,"date":"2017-09-28T11:07:01","date_gmt":"2017-09-28T09:07:01","guid":{"rendered":"http:\/\/www.velehrad.org.uk\/?p=6335"},"modified":"2017-10-25T16:19:44","modified_gmt":"2017-10-25T14:19:44","slug":"konala-se-oslava-svatku-ceske-statnosti-na-velvyslanectvi-cr-v-londyne-mezi-vyznamenanymi-take-zastupci-londynskeho-velehradu","status":"publish","type":"post","link":"http:\/\/www.velehrad.org.uk\/?p=6335","title":{"rendered":"Konala se oslava sv\u00e1tku \u010desk\u00e9 st\u00e1tnosti na Velvyslanectv\u00ed \u010cR v Lond\u00fdn\u011b. Mezi vyznamenan\u00fdmi tak\u00e9 z\u00e1stupci lond\u00fdnsk\u00e9ho Velehradu."},"content":{"rendered":"<p>Dne 27.9. 2017 se konala recepce v rezidenci Velvyslance \u010cR v Lond\u00fdn\u011b, u p\u0159\u00edle\u017eitosti sv\u00e1tku \u010desk\u00e9 st\u00e1tnosti. Akce se z\u016f\u010dastnili rektor University Karlovy \u010di starosta lond\u00fdnsk\u00e9 \u010d\u00e1sti Camden, kde se residence nach\u00e1z\u00ed, a skoro dv\u011b stovky krajan\u016f. &nbsp;Starosta Camden pozdravil v\u0161echny p\u0159\u00edtomn\u00e9 v \u010desk\u00e9m jazyce a p\u0159ipomn\u011bl d\u016fle\u017eitost \u010desk\u00fdch letc\u016f. &nbsp;<\/p>\n<p>Velvyslanec vyznamenal deset \u010cech\u016f za z\u00e1sluhy pro \u010desko-britsk\u00e9 vztahy st\u0159\u00edbrnou medail\u00ed Jana Masaryka, nejvy\u0161\u0161\u00edm ocen\u011bn\u00edm Ministerstva zahrani\u010dn\u00edch v\u011bc\u00ed. Mezi ocen\u011bn\u00fdmi byli tak\u00e9 Anton\u00edn a Ludmila St\u00e1\u0148ovi z lond\u00fdnsk\u00e9ho Velehradu, skladatel Karel Janovick\u00fd \u010di pan\u00ed Greffel-Baines, jedna z &#8220;Wintonov\u00fdch&#8221; d\u011bt\u00ed.<\/p>\n<p>&nbsp;Za lond\u00fdnsk\u00fd Velehrad chceme v\u0161em vyznamenan\u00fdm srde\u010dn\u011b pogratulovat, p\u0159edev\u0161\u00edm pak Anton\u00ednovi, Trustee Chairman lond\u00fdnsk\u00e9ho Velehradu, a jeho \u017een\u011b Ludmile, Honorary Company Secretary.&nbsp;<\/p>\nngg_shortcode_0_placeholder\n","protected":false},"excerpt":{"rendered":"<p>Dne 27.9. 2017 se konala recepce v rezidenci Velvyslance \u010cR v Lond\u00fdn\u011b, u p\u0159\u00edle\u017eitosti sv\u00e1tku \u010desk\u00e9 st\u00e1tnosti. Akce se z\u016f\u010dastnili rektor University Karlovy \u010di starosta lond\u00fdnsk\u00e9 \u010d\u00e1sti Camden, kde se residence nach\u00e1z\u00ed, a skoro dv\u011b stovky krajan\u016f. &nbsp;Starosta Camden pozdravil v\u0161echny p\u0159\u00edtomn\u00e9 v \u010desk\u00e9m jazyce a&hellip; <a class=\"read-more-link\" href=\"http:\/\/www.velehrad.org.uk\/?p=6335\">\u010ct\u011bte v\u00edce<\/a><\/p>\n","protected":false},"author":1,"featured_media":6337,"comment_status":"closed","ping_status":"closed","sticky":false,"template":"","format":"standard","meta":{"ngg_post_thumbnail":0,"footnotes":""},"categories":[20],"tags":[],"class_list":["post-6335","post","type-post","status-publish","format-standard","has-post-thumbnail","hentry","category-novinky"],"post_mailing_queue_ids":[],"_links":{"self":[{"href":"http:\/\/www.velehrad.org.uk\/index.php?rest_route=\/wp\/v2\/posts\/6335","targetHints":{"allow":["GET"]}}],"collection":[{"href":"http:\/\/www.velehrad.org.uk\/index.php?rest_route=\/wp\/v2\/posts"}],"about":[{"href":"http:\/\/www.velehrad.org.uk\/index.php?rest_route=\/wp\/v2\/types\/post"}],"author":[{"embeddable":true,"href":"http:\/\/www.velehrad.org.uk\/index.php?rest_route=\/wp\/v2\/users\/1"}],"replies":[{"embeddable":true,"href":"http:\/\/www.velehrad.org.uk\/index.php?rest_route=%2Fwp%2Fv2%2Fcomments&post=6335"}],"version-history":[{"count":2,"href":"http:\/\/www.velehrad.org.uk\/index.php?rest_route=\/wp\/v2\/posts\/6335\/revisions"}],"predecessor-version":[{"id":6359,"href":"http:\/\/www.velehrad.org.uk\/index.php?rest_route=\/wp\/v2\/posts\/6335\/revisions\/6359"}],"wp:featuredmedia":[{"embeddable":true,"href":"http:\/\/www.velehrad.org.uk\/index.php?rest_route=\/wp\/v2\/media\/6337"}],"wp:attachment":[{"href":"http:\/\/www.velehrad.org.uk\/index.php?rest_route=%2Fwp%2Fv2%2Fmedia&parent=6335"}],"wp:term":[{"taxonomy":"category","embeddable":true,"href":"http:\/\/www.velehrad.org.uk\/index.php?rest_route=%2Fwp%2Fv2%2Fcategories&post=6335"},{"taxonomy":"post_tag","embeddable":true,"href":"http:\/\/www.velehrad.org.uk\/index.php?rest_route=%2Fwp%2Fv2%2Ftags&post=6335"}],"curies":[{"name":"wp","href":"https:\/\/api.w.org\/{rel}","templated":true}]}}