{"id":6364,"date":"2017-10-10T13:39:28","date_gmt":"2017-10-10T11:39:28","guid":{"rendered":"http:\/\/www.velehrad.org.uk\/?p=6364"},"modified":"2017-11-21T17:27:19","modified_gmt":"2017-11-21T15:27:19","slug":"architekti-z-firmy-ibla-sbiraji-za-svuj-renovacni-projekt-domu-velehrad-oceneni-a-mezinarodni-uznani","status":"publish","type":"post","link":"http:\/\/www.velehrad.org.uk\/?p=6364","title":{"rendered":"Architekti z firmy ibla sb\u00edraj\u00ed za sv\u016fj renova\u010dn\u00ed projekt Domu Velehrad mezin\u00e1rodn\u00ed uzn\u00e1n\u00ed"},"content":{"rendered":"<p>O Dom\u011b Velehrad v Barnes a jeho renovaci se ji\u017e minul\u00fd m\u011bs\u00edc psalo v presti\u017en\u00edm Architect Journal. Nyn\u00ed se informace o skv\u011bl\u00e9 pr\u00e1ci architektonick\u00e9 firmy ibla rozlet\u011bla do cel\u00e9ho sv\u011bta. Je\u0161t\u011b jednou d\u011bkujeme a gratulujeme architekt\u016fm za skv\u011ble odvedenou pr\u00e1ci! Velehrad tak m\u016f\u017ee \u010desk\u00fdm i slovensk\u00fdm krajan\u016fm poskytovat skv\u011bl\u00e9 z\u00e1zem\u00ed pro kulturn\u00ed, duchovn\u00ed a spole\u010densk\u00e9 akce.&nbsp;<\/p>\n<p>&nbsp;<\/p>\n<p>Odkazy na \u010dl\u00e1nky zde:<\/p>\n<p><a href=\"http:\/\/www.ibla.co.uk\/single-post\/2017\/09\/07\/AJ-First-Look\">http:\/\/www.ibla.co.uk\/single-post\/2017\/09\/07\/AJ-First-Look<\/a><\/p>\n<p><a href=\"https:\/\/www.archinfo.sk\/diela\/architektura\/nabozenske-a-kulturne-centrum-ceskej-a-slovenskej-obce-v-londyne.html\">https:\/\/www.archinfo.sk\/diela\/architektura\/nabozenske-a-kulturne-centrum-ceskej-a-slovenskej-obce-v-londyne.html<\/a><\/p>\n<p><a href=\"http:\/\/uk.archello.com\/en\/project\/velehrad-london\" target=\"_blank\" rel=\"noopener\">http:\/\/uk.archello.com\/en\/project\/velehrad-london<\/a><\/p>\n<p><a href=\"http:\/\/www.baunetz.de\/meldungen\/Meldungen-Sanierung_von_Inglis_Badrashi_Loddo_5188669.html?action=suche&amp;s_text=velehrad&amp;epp=10&amp;backurl=http%3A%2F%2Fwww.baunetz.de%2Fmeldungen%2Fsuche.html%3Faction%3Dsuche%26s_text%3Dvelehrad%26showall%3D0%26epp%3D10\" target=\"_blank\" rel=\"noopener\">http:\/\/www.baunetz.de\/meldungen\/<\/a><\/p>\n<p><a href=\"https:\/\/www.bdonline.co.uk\/news\/inglis-badrashi-loddo-showcases-london-cultural-centre\/5089846.article\" target=\"_blank\" rel=\"noopener\">https:\/\/www.bdonline.co.uk\/news\/inglis-badrashi-loddo-showcases-london-cultural-centre\/5089846.article<\/a><\/p>\n<p><a href=\"https:\/\/archinect.com\/firms\/release\/71119\/inglis-badrashi-loddo-complete-new-london-cultural-centre-for-czech-and-slovak-emigr-s\/150031898\" target=\"_blank\" rel=\"noopener\">https:\/\/archinect.com\/firms\/release\/71119\/inglis-badrashi-loddo-complete-new-london-cultural-centre-for-czech-and-slovak-emigr-s\/150031898<\/a><\/p>\n","protected":false},"excerpt":{"rendered":"<p>O Dom\u011b Velehrad v Barnes a jeho renovaci se ji\u017e minul\u00fd m\u011bs\u00edc psalo v presti\u017en\u00edm Architect Journal. Nyn\u00ed se informace o skv\u011bl\u00e9 pr\u00e1ci architektonick\u00e9 firmy ibla rozlet\u011bla do cel\u00e9ho sv\u011bta. Je\u0161t\u011b jednou d\u011bkujeme a gratulujeme architekt\u016fm za skv\u011ble odvedenou pr\u00e1ci! Velehrad tak m\u016f\u017ee \u010desk\u00fdm i slovensk\u00fdm&hellip; <a class=\"read-more-link\" href=\"http:\/\/www.velehrad.org.uk\/?p=6364\">\u010ct\u011bte v\u00edce<\/a><\/p>\n","protected":false},"author":1,"featured_media":6366,"comment_status":"closed","ping_status":"closed","sticky":false,"template":"","format":"standard","meta":{"ngg_post_thumbnail":0,"footnotes":""},"categories":[1,20],"tags":[],"class_list":["post-6364","post","type-post","status-publish","format-standard","has-post-thumbnail","hentry","category-akce-velehradu","category-novinky"],"post_mailing_queue_ids":[],"_links":{"self":[{"href":"http:\/\/www.velehrad.org.uk\/index.php?rest_route=\/wp\/v2\/posts\/6364","targetHints":{"allow":["GET"]}}],"collection":[{"href":"http:\/\/www.velehrad.org.uk\/index.php?rest_route=\/wp\/v2\/posts"}],"about":[{"href":"http:\/\/www.velehrad.org.uk\/index.php?rest_route=\/wp\/v2\/types\/post"}],"author":[{"embeddable":true,"href":"http:\/\/www.velehrad.org.uk\/index.php?rest_route=\/wp\/v2\/users\/1"}],"replies":[{"embeddable":true,"href":"http:\/\/www.velehrad.org.uk\/index.php?rest_route=%2Fwp%2Fv2%2Fcomments&post=6364"}],"version-history":[{"count":5,"href":"http:\/\/www.velehrad.org.uk\/index.php?rest_route=\/wp\/v2\/posts\/6364\/revisions"}],"predecessor-version":[{"id":6371,"href":"http:\/\/www.velehrad.org.uk\/index.php?rest_route=\/wp\/v2\/posts\/6364\/revisions\/6371"}],"wp:featuredmedia":[{"embeddable":true,"href":"http:\/\/www.velehrad.org.uk\/index.php?rest_route=\/wp\/v2\/media\/6366"}],"wp:attachment":[{"href":"http:\/\/www.velehrad.org.uk\/index.php?rest_route=%2Fwp%2Fv2%2Fmedia&parent=6364"}],"wp:term":[{"taxonomy":"category","embeddable":true,"href":"http:\/\/www.velehrad.org.uk\/index.php?rest_route=%2Fwp%2Fv2%2Fcategories&post=6364"},{"taxonomy":"post_tag","embeddable":true,"href":"http:\/\/www.velehrad.org.uk\/index.php?rest_route=%2Fwp%2Fv2%2Ftags&post=6364"}],"curies":[{"name":"wp","href":"https:\/\/api.w.org\/{rel}","templated":true}]}}