{"id":6396,"date":"2017-11-13T12:35:25","date_gmt":"2017-11-13T10:35:25","guid":{"rendered":"http:\/\/www.velehrad.org.uk\/?p=6396"},"modified":"2017-11-13T12:35:25","modified_gmt":"2017-11-13T10:35:25","slug":"21-rocnik-festivalu-made-in-prague-8-11-2017-6-12-2017","status":"publish","type":"post","link":"http:\/\/www.velehrad.org.uk\/?p=6396","title":{"rendered":"21. ro\u010dn\u00edk festivalu Made in Prague 8.11.2017 &#8211; 6.12.2017"},"content":{"rendered":"<p><strong>21. ro\u010dn\u00edk festivalu Made in Prague nab\u00edz\u00ed \u0161irok\u00fd v\u00fdb\u011br film\u016f, v\u00fdtvarn\u00e9ho um\u011bn\u00ed, literatury, divadla i hudby a je oslavou um\u011bleck\u00e9ho projevu, kter\u00fd dok\u00e1\u017ee sd\u011blit siln\u00e9 p\u0159\u00edb\u011bhy a nastartovat v\u00fdjime\u010dn\u00e9 konverzace.<\/strong><\/p>\n<p>Festival zahrnuje retrospektivu film\u016f&nbsp;<strong>Jana N\u011bmce<\/strong>, p\u0159edstav\u00ed filmy nominovan\u00e9 na Evropskou filmovou cenu a cenu Akademie a z\u00e1rove\u0148 se b\u011bhem n\u011bj otev\u0159e nov\u00e1 Window Gallery \u010cesk\u00e9ho centra a p\u0159edstav\u00ed se v\u00fdsledky v\u00fdzkumu a rezidence mlad\u00fdch \u010desk\u00fdch v\u00fdtvarn\u00fdch um\u011blc\u016f&nbsp;<strong>Martina Kohouta<\/strong>&nbsp;a&nbsp;<strong>Romana \u0160t\u011btiny<\/strong>. \u010cty\u0159ic\u00e1t\u00e9 v\u00fdro\u010d\u00ed Charty 77 p\u0159ipomene lond\u00fdnsk\u00e1 verze&nbsp;<strong>Bytov\u00e9ho divadla<\/strong>, a literatura&nbsp;<strong>Petry H\u016flov\u00e9<\/strong>&nbsp;a&nbsp;<strong>Ivana Magora Jirouse<\/strong>&nbsp;se p\u0159edstav\u00ed na k\u0159estech anglick\u00fdch p\u0159eklad\u016f jejich knih.<strong>&nbsp;<\/strong><\/p>\n<p>Dal\u0161\u00ed info na str\u00e1nk\u00e1ch \u010cesk\u00e9ho centra:&nbsp;<a href=\"http:\/\/london.czechcentres.cz\/cs\/travel-events\/made-in-prague-festival1\/\">http:\/\/london.czechcentres.cz\/cs\/travel-events\/made-in-prague-festival1\/<\/a><\/p>\n<p>&nbsp;<\/p>\n","protected":false},"excerpt":{"rendered":"<p>21. ro\u010dn\u00edk festivalu Made in Prague nab\u00edz\u00ed \u0161irok\u00fd v\u00fdb\u011br film\u016f, v\u00fdtvarn\u00e9ho um\u011bn\u00ed, literatury, divadla i hudby a je oslavou um\u011bleck\u00e9ho projevu, kter\u00fd dok\u00e1\u017ee sd\u011blit siln\u00e9 p\u0159\u00edb\u011bhy a nastartovat v\u00fdjime\u010dn\u00e9 konverzace. Festival zahrnuje retrospektivu film\u016f&nbsp;Jana N\u011bmce, p\u0159edstav\u00ed filmy nominovan\u00e9 na Evropskou filmovou cenu a cenu Akademie a&hellip; <a class=\"read-more-link\" href=\"http:\/\/www.velehrad.org.uk\/?p=6396\">\u010ct\u011bte v\u00edce<\/a><\/p>\n","protected":false},"author":1,"featured_media":6397,"comment_status":"closed","ping_status":"closed","sticky":false,"template":"","format":"standard","meta":{"ngg_post_thumbnail":0,"footnotes":""},"categories":[1],"tags":[],"class_list":["post-6396","post","type-post","status-publish","format-standard","has-post-thumbnail","hentry","category-akce-velehradu"],"post_mailing_queue_ids":[],"_links":{"self":[{"href":"http:\/\/www.velehrad.org.uk\/index.php?rest_route=\/wp\/v2\/posts\/6396","targetHints":{"allow":["GET"]}}],"collection":[{"href":"http:\/\/www.velehrad.org.uk\/index.php?rest_route=\/wp\/v2\/posts"}],"about":[{"href":"http:\/\/www.velehrad.org.uk\/index.php?rest_route=\/wp\/v2\/types\/post"}],"author":[{"embeddable":true,"href":"http:\/\/www.velehrad.org.uk\/index.php?rest_route=\/wp\/v2\/users\/1"}],"replies":[{"embeddable":true,"href":"http:\/\/www.velehrad.org.uk\/index.php?rest_route=%2Fwp%2Fv2%2Fcomments&post=6396"}],"version-history":[{"count":1,"href":"http:\/\/www.velehrad.org.uk\/index.php?rest_route=\/wp\/v2\/posts\/6396\/revisions"}],"predecessor-version":[{"id":6398,"href":"http:\/\/www.velehrad.org.uk\/index.php?rest_route=\/wp\/v2\/posts\/6396\/revisions\/6398"}],"wp:featuredmedia":[{"embeddable":true,"href":"http:\/\/www.velehrad.org.uk\/index.php?rest_route=\/wp\/v2\/media\/6397"}],"wp:attachment":[{"href":"http:\/\/www.velehrad.org.uk\/index.php?rest_route=%2Fwp%2Fv2%2Fmedia&parent=6396"}],"wp:term":[{"taxonomy":"category","embeddable":true,"href":"http:\/\/www.velehrad.org.uk\/index.php?rest_route=%2Fwp%2Fv2%2Fcategories&post=6396"},{"taxonomy":"post_tag","embeddable":true,"href":"http:\/\/www.velehrad.org.uk\/index.php?rest_route=%2Fwp%2Fv2%2Ftags&post=6396"}],"curies":[{"name":"wp","href":"https:\/\/api.w.org\/{rel}","templated":true}]}}