{"id":6421,"date":"2017-12-20T20:27:46","date_gmt":"2017-12-20T18:27:46","guid":{"rendered":"http:\/\/www.velehrad.org.uk\/?p=6421"},"modified":"2018-01-10T22:48:28","modified_gmt":"2018-01-10T20:48:28","slug":"krajane-si-v-hojnem-poctu-zapivali-koledy-a-mikulas-rozdal-mnoho-darku","status":"publish","type":"post","link":"http:\/\/www.velehrad.org.uk\/?p=6421","title":{"rendered":"Krajan\u00e9 si v hojn\u00e9m po\u010dtu zazp\u00edvali koledy. A Mikul\u00e1\u0161 rozdal mnoho d\u00e1rk\u016f."},"content":{"rendered":"<p>V ned\u011bli 10.12. se v dom\u011b lond\u00fdnsk\u00e9ho Velehradu se\u0161la stovka \u010desk\u00fdch a slovensk\u00fdch krajan\u016f. Spole\u010dn\u011b se naladili na bl\u00ed\u017e\u00edc\u00ed se V\u00e1noce zp\u011bvem v\u00e1no\u010dn\u00edch koled. D\u011bti pak p\u0159iv\u00edtali Mikul\u00e1\u0161e, kter\u00fd v\u0161em za vzorn\u00e9 chov\u00e1n\u00ed nad\u011blil kr\u00e1sn\u00e9 d\u00e1rky. N\u00e1lada byla skv\u011bl\u00e1 a ob\u010derstven\u00ed v\u00fdborn\u00e9. Trustees lond\u00fdnsk\u00e9ho Velehradu p\u0159ej\u00ed v\u0161em krajan\u016fm po\u017eehnan\u00e9 sv\u00e1tky a t\u011b\u0161\u00edme se v nov\u00e9m roce 2018 na vid\u011bnou.&nbsp;<\/p>\n","protected":false},"excerpt":{"rendered":"<p>V ned\u011bli 10.12. se v dom\u011b lond\u00fdnsk\u00e9ho Velehradu se\u0161la stovka \u010desk\u00fdch a slovensk\u00fdch krajan\u016f. Spole\u010dn\u011b se naladili na bl\u00ed\u017e\u00edc\u00ed se V\u00e1noce zp\u011bvem v\u00e1no\u010dn\u00edch koled. D\u011bti pak p\u0159iv\u00edtali Mikul\u00e1\u0161e, kter\u00fd v\u0161em za vzorn\u00e9 chov\u00e1n\u00ed nad\u011blil kr\u00e1sn\u00e9 d\u00e1rky. N\u00e1lada byla skv\u011bl\u00e1 a ob\u010derstven\u00ed v\u00fdborn\u00e9. Trustees lond\u00fdnsk\u00e9ho Velehradu p\u0159ej\u00ed&hellip; <a class=\"read-more-link\" href=\"http:\/\/www.velehrad.org.uk\/?p=6421\">\u010ct\u011bte v\u00edce<\/a><\/p>\n","protected":false},"author":1,"featured_media":6434,"comment_status":"closed","ping_status":"closed","sticky":false,"template":"","format":"standard","meta":{"ngg_post_thumbnail":0,"footnotes":""},"categories":[1,20],"tags":[],"class_list":["post-6421","post","type-post","status-publish","format-standard","has-post-thumbnail","hentry","category-akce-velehradu","category-novinky"],"post_mailing_queue_ids":[],"_links":{"self":[{"href":"http:\/\/www.velehrad.org.uk\/index.php?rest_route=\/wp\/v2\/posts\/6421","targetHints":{"allow":["GET"]}}],"collection":[{"href":"http:\/\/www.velehrad.org.uk\/index.php?rest_route=\/wp\/v2\/posts"}],"about":[{"href":"http:\/\/www.velehrad.org.uk\/index.php?rest_route=\/wp\/v2\/types\/post"}],"author":[{"embeddable":true,"href":"http:\/\/www.velehrad.org.uk\/index.php?rest_route=\/wp\/v2\/users\/1"}],"replies":[{"embeddable":true,"href":"http:\/\/www.velehrad.org.uk\/index.php?rest_route=%2Fwp%2Fv2%2Fcomments&post=6421"}],"version-history":[{"count":3,"href":"http:\/\/www.velehrad.org.uk\/index.php?rest_route=\/wp\/v2\/posts\/6421\/revisions"}],"predecessor-version":[{"id":6448,"href":"http:\/\/www.velehrad.org.uk\/index.php?rest_route=\/wp\/v2\/posts\/6421\/revisions\/6448"}],"wp:featuredmedia":[{"embeddable":true,"href":"http:\/\/www.velehrad.org.uk\/index.php?rest_route=\/wp\/v2\/media\/6434"}],"wp:attachment":[{"href":"http:\/\/www.velehrad.org.uk\/index.php?rest_route=%2Fwp%2Fv2%2Fmedia&parent=6421"}],"wp:term":[{"taxonomy":"category","embeddable":true,"href":"http:\/\/www.velehrad.org.uk\/index.php?rest_route=%2Fwp%2Fv2%2Fcategories&post=6421"},{"taxonomy":"post_tag","embeddable":true,"href":"http:\/\/www.velehrad.org.uk\/index.php?rest_route=%2Fwp%2Fv2%2Ftags&post=6421"}],"curies":[{"name":"wp","href":"https:\/\/api.w.org\/{rel}","templated":true}]}}