{"id":6439,"date":"2018-01-09T21:35:10","date_gmt":"2018-01-09T19:35:10","guid":{"rendered":"http:\/\/www.velehrad.org.uk\/?p=6439"},"modified":"2018-05-09T19:04:25","modified_gmt":"2018-05-09T17:04:25","slug":"pietni-ucteni-pamatky-zapalne-obeti-jana-palacha-19-1-18-na-londynskem-velehrade","status":"publish","type":"post","link":"http:\/\/www.velehrad.org.uk\/?p=6439","title":{"rendered":"Pietn\u00ed uct\u011bn\u00ed pam\u00e1tky z\u00e1paln\u00e9 ob\u011bti Jana Palacha 19.1.18 na lond\u00fdnsk\u00e9m Velehrad\u011b"},"content":{"rendered":"<p style=\"font-weight: 400;\"><strong><em>Spr\u00e1vn\u00ed rada lond\u00fdnsk\u00e9ho Velehradu&nbsp;<\/em><\/strong><strong><em>srde\u010dn\u011b zve v\u0161echny krajany na <\/em>p<\/strong><strong>ietn\u00ed uct\u011bn\u00ed pam\u00e1tky z\u00e1paln\u00e9 ob\u011bti Jana Palacha&nbsp;za \u00fa\u010dasti z\u00e1stupce velvyslance Jana Brunnera a dal\u0161\u00edch \u010destn\u00fdch host\u00ed.&nbsp;Po pietn\u00edm aktu n\u00e1sleduje beseda o ud\u00e1lostech roku 1969 a ob\u010derstven\u00ed v Czerninov\u011b s\u00e1le.<\/strong><\/p>\n<p style=\"font-weight: 400;\"><strong>Kdy: v&nbsp;p\u00e1tek&nbsp;19. ledna 2018 v&nbsp;18.30 hodin&nbsp;<\/strong><\/p>\n<p style=\"font-weight: 400;\">Kde: p\u0159ed jeho pomn\u00edkem v zahrad\u011b lond\u00fdnsk\u00e9ho Velehradu,&nbsp;<a href=\"https:\/\/maps.google.com\/?q=39+Lonsdale+Rd.,+London+SW13+9JP&amp;entry=gmail&amp;source=g\">39 Lonsdale Rd., London SW13 9JP<\/a><\/p>\n<p style=\"font-weight: 400;\">Nejbli\u017e\u0161\u00ed metro Hammersmith a pak bus 419, 33, 72, 208&nbsp;<\/p>\n<p style=\"font-weight: 400;\">Pros\u00edm p\u0159ihla\u0161te se p\u0159edem na&nbsp;email&nbsp;<a href=\"mailto:ludmilastane@gmail.com\">ludmilastane@gmail.com&nbsp;<\/a>nebo text to&nbsp;07468 570551<\/p>\n","protected":false},"excerpt":{"rendered":"<p>Spr\u00e1vn\u00ed rada lond\u00fdnsk\u00e9ho Velehradu&nbsp;srde\u010dn\u011b zve v\u0161echny krajany na pietn\u00ed uct\u011bn\u00ed pam\u00e1tky z\u00e1paln\u00e9 ob\u011bti Jana Palacha&nbsp;za \u00fa\u010dasti z\u00e1stupce velvyslance Jana Brunnera a dal\u0161\u00edch \u010destn\u00fdch host\u00ed.&nbsp;Po pietn\u00edm aktu n\u00e1sleduje beseda o ud\u00e1lostech roku 1969 a ob\u010derstven\u00ed v Czerninov\u011b s\u00e1le. Kdy: v&nbsp;p\u00e1tek&nbsp;19. ledna 2018 v&nbsp;18.30 hodin&nbsp; Kde: p\u0159ed jeho&hellip; <a class=\"read-more-link\" href=\"http:\/\/www.velehrad.org.uk\/?p=6439\">\u010ct\u011bte v\u00edce<\/a><\/p>\n","protected":false},"author":1,"featured_media":4925,"comment_status":"closed","ping_status":"closed","sticky":false,"template":"","format":"standard","meta":{"ngg_post_thumbnail":0,"footnotes":""},"categories":[1],"tags":[],"class_list":["post-6439","post","type-post","status-publish","format-standard","has-post-thumbnail","hentry","category-akce-velehradu"],"post_mailing_queue_ids":[],"_links":{"self":[{"href":"http:\/\/www.velehrad.org.uk\/index.php?rest_route=\/wp\/v2\/posts\/6439","targetHints":{"allow":["GET"]}}],"collection":[{"href":"http:\/\/www.velehrad.org.uk\/index.php?rest_route=\/wp\/v2\/posts"}],"about":[{"href":"http:\/\/www.velehrad.org.uk\/index.php?rest_route=\/wp\/v2\/types\/post"}],"author":[{"embeddable":true,"href":"http:\/\/www.velehrad.org.uk\/index.php?rest_route=\/wp\/v2\/users\/1"}],"replies":[{"embeddable":true,"href":"http:\/\/www.velehrad.org.uk\/index.php?rest_route=%2Fwp%2Fv2%2Fcomments&post=6439"}],"version-history":[{"count":2,"href":"http:\/\/www.velehrad.org.uk\/index.php?rest_route=\/wp\/v2\/posts\/6439\/revisions"}],"predecessor-version":[{"id":6447,"href":"http:\/\/www.velehrad.org.uk\/index.php?rest_route=\/wp\/v2\/posts\/6439\/revisions\/6447"}],"wp:featuredmedia":[{"embeddable":true,"href":"http:\/\/www.velehrad.org.uk\/index.php?rest_route=\/wp\/v2\/media\/4925"}],"wp:attachment":[{"href":"http:\/\/www.velehrad.org.uk\/index.php?rest_route=%2Fwp%2Fv2%2Fmedia&parent=6439"}],"wp:term":[{"taxonomy":"category","embeddable":true,"href":"http:\/\/www.velehrad.org.uk\/index.php?rest_route=%2Fwp%2Fv2%2Fcategories&post=6439"},{"taxonomy":"post_tag","embeddable":true,"href":"http:\/\/www.velehrad.org.uk\/index.php?rest_route=%2Fwp%2Fv2%2Ftags&post=6439"}],"curies":[{"name":"wp","href":"https:\/\/api.w.org\/{rel}","templated":true}]}}