{"id":6456,"date":"2018-02-04T16:05:46","date_gmt":"2018-02-04T14:05:46","guid":{"rendered":"http:\/\/www.velehrad.org.uk\/?p=6456"},"modified":"2018-05-09T19:03:43","modified_gmt":"2018-05-09T17:03:43","slug":"program-podpory-ceskeho-kulturniho-dedictvi-mzv-a-msmt-cr-na-rok-2018","status":"publish","type":"post","link":"http:\/\/www.velehrad.org.uk\/?p=6456","title":{"rendered":"Program podpory \u010desk\u00e9ho kulturn\u00edho d\u011bdictv\u00ed MZV a M\u0160MT \u010cR na rok 2018\u00a0"},"content":{"rendered":"<p style=\"font-weight: 400;\">A)&nbsp;<u>Krajansk\u00fd vzd\u011bl\u00e1vac\u00ed program a v\u00fduka \u010desk\u00e9ho jazyka a literatury v zahrani\u010d\u00ed&nbsp;<\/u><br \/>\n1\/ Semestr\u00e1ln\u00ed stipendijn\u00ed studijn\u00ed pobyty&nbsp;<br \/>\n2\/ \u010cty\u0159t\u00fddenn\u00ed kurz \u010desk\u00e9ho jazyka pro krajany v Dobru\u0161ce &nbsp;20. 7. \u2013 17. 8. 2018&nbsp;<br \/>\n3\/ Dvout\u00fddenn\u00ed kurz metodiky v\u00fduky \u010desk\u00e9ho jazyka pro vyu\u010duj\u00edc\u00ed z \u0159ad krajansk\u00fdch komunit 27. 8. \u2013 7. 9. 2018<\/p>\n<ol>\n<li>B)<u>Poskytov\u00e1n\u00ed pen\u011b\u017en\u00edch dar\u016f na krajansk\u00e9 projekty prost\u0159ednictv\u00edm zmocn\u011bnce pro krajansk\u00e9 z\u00e1le\u017eitosti MZV<\/u>&#8211; term\u00edn pro \u017e\u00e1dosti:&nbsp;<strong>8.2018<\/strong>&nbsp;\n<p>Podrobn\u00e9 informace o v\u0161ech v\u00fd\u0161e uveden\u00fdch projektech v\u010detn\u011b term\u00edn\u016f uz\u00e1v\u011brek pro zas\u00edl\u00e1n\u00ed p\u0159ihl\u00e1\u0161ek na kurzy jsou k dispozici v p\u0159\u00edloze.&nbsp;<a href=\"http:\/\/www.velehrad.org.uk\/wp-content\/uploads\/2018\/02\/Shrnut\u00ed-instrukc\u00ed-pro-krajany2018.doc\">Shrnut\u00ed instrukc\u00ed pro krajany2018<\/a><\/p>\n<p><u>D\u016fle\u017eit\u00e9 upozorn\u011bn\u00ed<\/u>: V\u0161echny p\u0159ihl\u00e1\u0161ky i \u017e\u00e1dosti o pen\u011b\u017en\u00ed dary je t\u0159eba ve fyzick\u00e9 podob\u011b zas\u00edlat&nbsp;<strong>na velvyslanectv\u00ed \u010cR v Lond\u00fdn\u011b<\/strong>, k m\u00fdm ruk\u00e1m.&nbsp;<\/p>\n<p><strong><u>Note for Enslish speakers only:<\/u><\/strong>&nbsp;<\/p>\n<p>The attached document about the&nbsp;<strong>Programme of support for Czech cultural heritage 2018<\/strong>&nbsp;and specifically about Czech Government sponsored Czech language courses in the Czech Republic and how to apply for financial grants for your own organisation\u00b4s projects in 2019 is available only in Czech, unfortunately. Could we please ask you to ask a Czech native speaker you know to translate the information for you.&nbsp;<\/li>\n<\/ol>\n","protected":false},"excerpt":{"rendered":"<p>A)&nbsp;Krajansk\u00fd vzd\u011bl\u00e1vac\u00ed program a v\u00fduka \u010desk\u00e9ho jazyka a literatury v zahrani\u010d\u00ed&nbsp; 1\/ Semestr\u00e1ln\u00ed stipendijn\u00ed studijn\u00ed pobyty&nbsp; 2\/ \u010cty\u0159t\u00fddenn\u00ed kurz \u010desk\u00e9ho jazyka pro krajany v Dobru\u0161ce &nbsp;20. 7. \u2013 17. 8. 2018&nbsp; 3\/ Dvout\u00fddenn\u00ed kurz metodiky v\u00fduky \u010desk\u00e9ho jazyka pro vyu\u010duj\u00edc\u00ed z \u0159ad krajansk\u00fdch komunit 27. 8.&hellip; <a class=\"read-more-link\" href=\"http:\/\/www.velehrad.org.uk\/?p=6456\">\u010ct\u011bte v\u00edce<\/a><\/p>\n","protected":false},"author":1,"featured_media":6291,"comment_status":"closed","ping_status":"closed","sticky":false,"template":"","format":"standard","meta":{"ngg_post_thumbnail":0,"footnotes":""},"categories":[20],"tags":[],"class_list":["post-6456","post","type-post","status-publish","format-standard","has-post-thumbnail","hentry","category-novinky"],"post_mailing_queue_ids":[],"_links":{"self":[{"href":"http:\/\/www.velehrad.org.uk\/index.php?rest_route=\/wp\/v2\/posts\/6456","targetHints":{"allow":["GET"]}}],"collection":[{"href":"http:\/\/www.velehrad.org.uk\/index.php?rest_route=\/wp\/v2\/posts"}],"about":[{"href":"http:\/\/www.velehrad.org.uk\/index.php?rest_route=\/wp\/v2\/types\/post"}],"author":[{"embeddable":true,"href":"http:\/\/www.velehrad.org.uk\/index.php?rest_route=\/wp\/v2\/users\/1"}],"replies":[{"embeddable":true,"href":"http:\/\/www.velehrad.org.uk\/index.php?rest_route=%2Fwp%2Fv2%2Fcomments&post=6456"}],"version-history":[{"count":1,"href":"http:\/\/www.velehrad.org.uk\/index.php?rest_route=\/wp\/v2\/posts\/6456\/revisions"}],"predecessor-version":[{"id":6458,"href":"http:\/\/www.velehrad.org.uk\/index.php?rest_route=\/wp\/v2\/posts\/6456\/revisions\/6458"}],"wp:featuredmedia":[{"embeddable":true,"href":"http:\/\/www.velehrad.org.uk\/index.php?rest_route=\/wp\/v2\/media\/6291"}],"wp:attachment":[{"href":"http:\/\/www.velehrad.org.uk\/index.php?rest_route=%2Fwp%2Fv2%2Fmedia&parent=6456"}],"wp:term":[{"taxonomy":"category","embeddable":true,"href":"http:\/\/www.velehrad.org.uk\/index.php?rest_route=%2Fwp%2Fv2%2Fcategories&post=6456"},{"taxonomy":"post_tag","embeddable":true,"href":"http:\/\/www.velehrad.org.uk\/index.php?rest_route=%2Fwp%2Fv2%2Ftags&post=6456"}],"curies":[{"name":"wp","href":"https:\/\/api.w.org\/{rel}","templated":true}]}}