{"id":7006,"date":"2018-07-26T10:11:30","date_gmt":"2018-07-26T08:11:30","guid":{"rendered":"http:\/\/www.velehrad.org.uk\/?p=7006"},"modified":"2018-07-26T10:21:32","modified_gmt":"2018-07-26T08:21:32","slug":"nedelni-ceska-skolicka-na-velehrade-se-rozrusta","status":"publish","type":"post","link":"http:\/\/www.velehrad.org.uk\/?p=7006","title":{"rendered":"Ned\u011bln\u00ed \u010desk\u00e1 \u0161koli\u010dka na Velehrad\u011b se rozr\u016fst\u00e1"},"content":{"rendered":"<p style=\"font-weight: 400;\">D\u011btem za\u010daly pr\u00e1zdniny a tak\u00e9 ned\u011bln\u00ed \u010desk\u00e1 \u0161koli\u010dka na Velehrad\u011b je p\u0159es l\u00e9to uzav\u0159ena. \u0160koln\u00ed rok jsme zakon\u010dili vystoupen\u00edm, p\u0159i kter\u00e9m si v\u0161ichni p\u0159ipomn\u011bli, co d\u011bti ka\u017edou ned\u011bli v&nbsp;uplynul\u00e9m termu d\u011blaly. Pod veden\u00ed na\u0161\u00ed u\u010ditelky Kamily a asistentky \u0160t\u011bp\u00e1nky se d\u011bti u\u010dily o kontinentech a zv\u00ed\u0159atech, zkusily si cestovat r\u016fzn\u00fdmi dopravn\u00edmi prost\u0159edky, vyr\u00e1b\u011bly auta, bal\u00f3ny, cestovn\u00ed pasy a vydaly se i na v\u00fdlet do Prahy.<\/p>\n<p style=\"font-weight: 400;\">Bilingvn\u00ed d\u011bti si v na\u0161\u00ed ned\u011bln\u00ed \u010desk\u00e9 \u0161koli\u010dce hravou formou osvojuj\u00ed \u010de\u0161tinu pomoc\u00ed v\u00fdtvarn\u00fdch, pohybov\u00fdch a hudebn\u00edch aktivit.<\/p>\n<p style=\"font-weight: 400;\">V minul\u00e9m termu se na\u0161e \u0161koli\u010dka t\u011b\u0161ila velk\u00e9mu&nbsp;z\u00e1jmu. Krom\u011b dvou d\u011btsk\u00fdch krou\u017ek\u016f, kter\u00e9 v tuto chv\u00edli nav\u0161t\u011bvuje okolo 20 d\u011bt\u00ed, mohli rodi\u010de studovat \u010de\u0161tinu ve dvou r\u016fzn\u00fdch kurzech pro dosp\u011bl\u00e9.<\/p>\n<p style=\"font-weight: 400;\">Na v\u0161echny rodi\u010de a d\u011bti se budeme t\u011b\u0161it zase v z\u00e1\u0159\u00ed. V tuto chv\u00edli pl\u00e1nujeme budouc\u00ed \u0161koln\u00ed rok. M\u016f\u017eeme sl\u00edbit, \u017ee bude pln\u00fd z\u00e1bavn\u00fdch aktivit, kreativn\u00edch \u010dinnost\u00ed a novinek.&nbsp;<\/p>\n<p style=\"font-weight: 400;\">Pro v\u00edce informac\u00ed ohledn\u011b p\u0159\u00ed\u0161t\u00edho \u0161koln\u00edho roku kontaktujte Michaelu na&nbsp;<a href=\"mailto:info@czechlanguageclub.co.uk\">info@czechlanguageclub.co.uk<\/a>.<\/p>\nngg_shortcode_0_placeholder\n","protected":false},"excerpt":{"rendered":"<p>D\u011btem za\u010daly pr\u00e1zdniny a tak\u00e9 ned\u011bln\u00ed \u010desk\u00e1 \u0161koli\u010dka na Velehrad\u011b je p\u0159es l\u00e9to uzav\u0159ena. \u0160koln\u00ed rok jsme zakon\u010dili vystoupen\u00edm, p\u0159i kter\u00e9m si v\u0161ichni p\u0159ipomn\u011bli, co d\u011bti ka\u017edou ned\u011bli v&nbsp;uplynul\u00e9m termu d\u011blaly. Pod veden\u00ed na\u0161\u00ed u\u010ditelky Kamily a asistentky \u0160t\u011bp\u00e1nky se d\u011bti u\u010dily o kontinentech a zv\u00ed\u0159atech,&hellip; <a class=\"read-more-link\" href=\"http:\/\/www.velehrad.org.uk\/?p=7006\">\u010ct\u011bte v\u00edce<\/a><\/p>\n","protected":false},"author":1,"featured_media":7012,"comment_status":"closed","ping_status":"closed","sticky":false,"template":"","format":"standard","meta":{"ngg_post_thumbnail":0,"footnotes":""},"categories":[1,20],"tags":[],"class_list":["post-7006","post","type-post","status-publish","format-standard","has-post-thumbnail","hentry","category-akce-velehradu","category-novinky"],"post_mailing_queue_ids":[],"_links":{"self":[{"href":"http:\/\/www.velehrad.org.uk\/index.php?rest_route=\/wp\/v2\/posts\/7006","targetHints":{"allow":["GET"]}}],"collection":[{"href":"http:\/\/www.velehrad.org.uk\/index.php?rest_route=\/wp\/v2\/posts"}],"about":[{"href":"http:\/\/www.velehrad.org.uk\/index.php?rest_route=\/wp\/v2\/types\/post"}],"author":[{"embeddable":true,"href":"http:\/\/www.velehrad.org.uk\/index.php?rest_route=\/wp\/v2\/users\/1"}],"replies":[{"embeddable":true,"href":"http:\/\/www.velehrad.org.uk\/index.php?rest_route=%2Fwp%2Fv2%2Fcomments&post=7006"}],"version-history":[{"count":4,"href":"http:\/\/www.velehrad.org.uk\/index.php?rest_route=\/wp\/v2\/posts\/7006\/revisions"}],"predecessor-version":[{"id":7030,"href":"http:\/\/www.velehrad.org.uk\/index.php?rest_route=\/wp\/v2\/posts\/7006\/revisions\/7030"}],"wp:featuredmedia":[{"embeddable":true,"href":"http:\/\/www.velehrad.org.uk\/index.php?rest_route=\/wp\/v2\/media\/7012"}],"wp:attachment":[{"href":"http:\/\/www.velehrad.org.uk\/index.php?rest_route=%2Fwp%2Fv2%2Fmedia&parent=7006"}],"wp:term":[{"taxonomy":"category","embeddable":true,"href":"http:\/\/www.velehrad.org.uk\/index.php?rest_route=%2Fwp%2Fv2%2Fcategories&post=7006"},{"taxonomy":"post_tag","embeddable":true,"href":"http:\/\/www.velehrad.org.uk\/index.php?rest_route=%2Fwp%2Fv2%2Ftags&post=7006"}],"curies":[{"name":"wp","href":"https:\/\/api.w.org\/{rel}","templated":true}]}}