{"id":7064,"date":"2018-09-03T19:40:42","date_gmt":"2018-09-03T17:40:42","guid":{"rendered":"http:\/\/www.velehrad.org.uk\/?p=7064"},"modified":"2018-09-04T15:31:57","modified_gmt":"2018-09-04T13:31:57","slug":"ceska-skolicka-na-velehrade-zacina-v-nedeli-9-9","status":"publish","type":"post","link":"http:\/\/www.velehrad.org.uk\/?p=7064","title":{"rendered":"\u010cesk\u00e1 \u0161koli\u010dka na Velehrad\u011b za\u010d\u00edn\u00e1 zase v ned\u011bli 9.9."},"content":{"rendered":"<p>Na\u0161e \u010desk\u00e1 \u0161koli\u010dka na Velehrad\u011b za\u010d\u00edn\u00e1 v ned\u011bli 9. z\u00e1\u0159\u00ed. U\u017e se na v\u0161echny d\u011bti a rodi\u010de moc t\u011b\u0161\u00edme. B\u011bhem l\u00e9ta jsme piln\u011b pl\u00e1novali nov\u00fd \u0161koln\u00ed rok a v\u011b\u0159\u00edme, \u017ee si d\u011bti i rodi\u010de u\u017eij\u00ed \u0159adu nov\u00fdch aktivit.&nbsp;<\/p>\n<p>Ned\u011bln\u00ed vyu\u010dov\u00e1n\u00ed prob\u00edh\u00e1 pod veden\u00edm zku\u0161en\u00fdch u\u010ditel\u016f a asistent\u016f, kte\u0159\u00ed se v\u011bnuj\u00ed v\u00fduce bilingvn\u00edch d\u011bt\u00ed ji\u017e n\u011bkolik let. \u010ce\u0161tinu u\u010d\u00edme hravou formou skrze hry, sout\u011b\u017ee, pohyb, um\u011bn\u00ed, drama, poh\u00e1dky a p\u00edsni\u010dky. D\u011bti si mohou vyzkou\u0161et \u0159adu aktivit, p\u0159i kter\u00fdch si p\u0159irozenou formou osvojuj\u00ed \u010de\u0161tinu a komunikuj\u00ed nejen s u\u010ditelem, ale hlavn\u011b s ostatn\u00edmi d\u011btmi. Nab\u00edz\u00edme \u010dty\u0159i krou\u017eky, kter\u00e9 jsou ur\u010deny pro r\u016fzn\u00e9 v\u011bkov\u00e9 kategorie. Doporu\u010dujeme kombinaci dvou krou\u017ek\u016f, aby d\u011bti mohly str\u00e1vit na Velehrad\u011b 2 hodiny, p\u0159i kter\u00fdch za\u017eij\u00ed spoustu legrace a vyzkou\u0161\u00ed si nejr\u016fzn\u011bj\u0161\u00ed aktivity. Pro mlad\u0161\u00ed d\u011bti je vhodn\u00e1 kombinace&nbsp;<strong>\u010cesk\u00fd ARt Club <\/strong>a<strong>&nbsp;\u010cesk\u00e1 herna. <\/strong>Pro ty star\u0161\u00ed zase<strong>&nbsp;\u010cesk\u00fd poh\u00e1dk\u00e1\u0159 <\/strong>a&nbsp;<strong>\u010cesk\u00fd ARt Club<\/strong>.&nbsp;<\/p>\n<p>&nbsp;<\/p>\n<h4><strong>NAB\u00cdDKA D\u011aTSK\u00ddCH KROU\u017dK\u016e&nbsp;<\/strong><\/h4>\n<p><em>11:00-12:00:<\/em>&nbsp;<strong>\u010cesk\u00fd ARt Club<\/strong> s Kamilou a Terezou pro d\u011bti od 2 do 4 let<\/p>\n<p><em>(u\u010d\u00edme se nov\u00e1 slov\u00ed\u010dka a fr\u00e1ze skrz kreslen\u00ed, st\u0159\u00edh\u00e1n\u00ed, lepen\u00ed, stav\u011bn\u00ed, hran\u00ed a tvo\u0159en\u00ed)&nbsp;<\/em><\/p>\n<p><em>11:00-12:00:<\/em>&nbsp;<strong>\u010cesk\u00fd poh\u00e1dk\u00e1\u0159<\/strong> se \u0160t\u011bp\u00e1nkou a Andreou pro d\u011bti od 4 do 8 let<\/p>\n<p><em>(u\u010d\u00edme se \u010desky \u010d\u00edst a ps\u00e1t, poslouch\u00e1me poh\u00e1dky, pozn\u00e1v\u00e1me nov\u00e9 poh\u00e1dkov\u00e9 bytosti)&nbsp;<\/em><\/p>\n<p><em>12:00-13:00:&nbsp;<\/em><strong>\u010cesk\u00fd ARt Club<\/strong> s Kamilou a Terezou pro d\u011bti od 4 do 8 let<\/p>\n<p><em>(u\u010d\u00edme se nov\u00e1 slov\u00ed\u010dka a fr\u00e1ze skrz kreslen\u00ed, st\u0159\u00edh\u00e1n\u00ed, lepen\u00ed, stav\u011bn\u00ed, hran\u00ed a tvo\u0159en\u00ed)&nbsp;<\/em><\/p>\n<p><em>12:00-13:00:<\/em>&nbsp;<strong>\u010cesk\u00e1 herna<\/strong> s Andreou a \u0160t\u011bp\u00e1nkou pro d\u011bti od 2 do 4 let&nbsp;<\/p>\n<p><em>(u\u010d\u00edme se \u010desk\u00e9 p\u00edsni\u010dky a \u0159\u00edkadla, hrajeme si, tlesk\u00e1me, zp\u00edv\u00e1me a tancujeme)&nbsp;<\/em><\/p>\n<p>&nbsp;<\/p>\n<h4><strong>NAB\u00cdDKA KURZ\u016e PRO DOSP\u011aL\u00c9<\/strong><\/h4>\n<p>Krom\u011b d\u011bt\u00ed m\u016f\u017eou na Velehrad\u011b ka\u017edou ned\u011bli studovat \u010de\u0161tinu tak\u00e9 rodi\u010de. M\u00e1me dv\u011b skupiny.&nbsp;<\/p>\n<p><em>11:00-12:00:<\/em>&nbsp;<strong>\u010ce\u0161tina pro za\u010d\u00e1te\u010dn\u00edky<\/strong> s Al\u017eb\u011btou&nbsp;<\/p>\n<p><em>12:00-13:00:<\/em>&nbsp;<strong>\u010ce\u0161tina pro m\u00edrn\u011b pokro\u010dil\u00e9<\/strong>&nbsp;s Al\u017eb\u011btou&nbsp;<\/p>\n<p>&nbsp;<\/p>\n<h4><strong>DATA NA TENTO TERM<\/strong><\/h4>\n<p><em>Z\u00e1\u0159\u00ed, \u0159\u00edjen:<\/em> 9.9., 16.9., 23.9., 30.9., 7.10., 14.10. (pr\u00e1zdniny: 21.10, 28.10.)<\/p>\n<p><em>Listopad, prosinec:<\/em> 4.11., 11.11., 18.11., 25.11., 2.12., 9.12. (pr\u00e1zdniny: 16.12., 23.12., 30.12., 6.1.)<\/p>\n<p>&nbsp;<\/p>\n<h4><strong>CENA &#8211; D\u011aTI<\/strong><\/h4>\n<p>Cena ned\u011bln\u00ed \u0161koli\u010dky je nastavena tak, aby si mohli v\u0161ichni rodi\u010de krou\u017eky finan\u010dn\u011b dovolit. D\u00edky tomu, \u017ee Velehrad celou v\u00fduku sponzoruje, cena za jeden krou\u017eek je velmi n\u00edzk\u00e1.&nbsp;<\/p>\n<p>Cena za jeden krou\u017eek je <strong>\u00a32<\/strong>. Rodi\u010de plat\u00ed na cel\u00fd term dop\u0159edu. Pokud d\u00edt\u011b nav\u0161t\u011bvuje jeden krou\u017eek, cena za 6 ned\u011bl\u00ed je&nbsp;<strong>\u00a312<\/strong>. V p\u0159\u00edpad\u011b, \u017ee nav\u0161t\u011bvuje dva krou\u017eky, cena je&nbsp;<strong>\u00a324<\/strong>.&nbsp;<\/p>\n<p>&nbsp;<\/p>\n<h4><strong>CENA &#8211; DOSP\u011aL\u00cd<\/strong><\/h4>\n<p>Cena za jednu lekci je <strong>\u00a38<\/strong>. Studenti plat\u00ed na cel\u00fd term dop\u0159edu. Cena za term&nbsp;je&nbsp;<strong>\u00a348<\/strong>.&nbsp;<\/p>\n<p>&nbsp;<\/p>\n<h4><strong>KNIHOVNA&nbsp;<\/strong><\/h4>\n<p>V\u011b\u0159\u00edme, \u017ee \u010dten\u00ed je velmi d\u016fle\u017eit\u00e9 k tomu, aby si d\u011bti osvojily jazyk a tak\u00e9 si k n\u011bmu vytvo\u0159ily p\u0159\u00edzniv\u00fd vztah. D\u00edky dar\u016fm rodi\u010d\u016f m\u00e1me k dispozici sb\u00edrku kr\u00e1sn\u00fdch kn\u00ed\u017eek pro d\u011bti. Byli bychom velmi r\u00e1di, kdyby rodi\u010de knihy vyu\u017e\u00edvali a aktivn\u011b je doma s d\u011btmi \u010detli. Na v\u00fdb\u011br jsou slavn\u00e9 \u010desk\u00e9 tituly od Krte\u010dka p\u0159es Pejska a ko\u010di\u010dku a\u017e k Maxipsu F\u00edkovi. Sta\u010d\u00ed si jen vybrat kn\u00ed\u017eku a zapsat se.&nbsp;<\/p>\n<p>&nbsp;<\/p>\n<h4><strong>KULTURN\u00cd AKCE<\/strong><\/h4>\n<p>Velehrad ka\u017edoro\u010dn\u011b po\u0159\u00e1d\u00e1 krom\u011b ned\u011bln\u00ed \u0161koli\u010dky tak\u00e9 \u0159adu kulturn\u00edch akc\u00ed, na kter\u00e9 jsou rodi\u010de a d\u011bti srde\u010dn\u011b zv\u00e1ni. Na podzim pl\u00e1nujeme tradi\u010dn\u00ed Svatov\u00e1clavskou oslavu, prom\u00edt\u00e1n\u00ed \u010desk\u00e9ho filmu a Mikul\u00e1\u0161skou bes\u00eddku. O v\u0161ech akc\u00edch naleznete informace na str\u00e1nk\u00e1ch Velehradu nebo na <a href=\"https:\/\/www.facebook.com\/londynskyvelehrad\/\">facebooku<\/a>.&nbsp;<\/p>\n<p>&nbsp;<\/p>\n<h4><strong>KONTAKT<\/strong><\/h4>\n<p>Pokud m\u00e1te jak\u00e9koliv dotazy ohledn\u011b v\u00fduky, pros\u00edm kontaktujte Michaelu Sanytrovou na info@czechlanguageclub.co.uk.&nbsp;<\/p>\n<p>&nbsp;<\/p>\n","protected":false},"excerpt":{"rendered":"<p>Na\u0161e \u010desk\u00e1 \u0161koli\u010dka na Velehrad\u011b za\u010d\u00edn\u00e1 v ned\u011bli 9. z\u00e1\u0159\u00ed. U\u017e se na v\u0161echny d\u011bti a rodi\u010de moc t\u011b\u0161\u00edme. B\u011bhem l\u00e9ta jsme piln\u011b pl\u00e1novali nov\u00fd \u0161koln\u00ed rok a v\u011b\u0159\u00edme, \u017ee si d\u011bti i rodi\u010de u\u017eij\u00ed \u0159adu nov\u00fdch aktivit.&nbsp; Ned\u011bln\u00ed vyu\u010dov\u00e1n\u00ed prob\u00edh\u00e1 pod veden\u00edm zku\u0161en\u00fdch u\u010ditel\u016f a&hellip; <a class=\"read-more-link\" href=\"http:\/\/www.velehrad.org.uk\/?p=7064\">\u010ct\u011bte v\u00edce<\/a><\/p>\n","protected":false},"author":1,"featured_media":7065,"comment_status":"closed","ping_status":"closed","sticky":false,"template":"","format":"standard","meta":{"ngg_post_thumbnail":0,"footnotes":""},"categories":[1,20],"tags":[],"class_list":["post-7064","post","type-post","status-publish","format-standard","has-post-thumbnail","hentry","category-akce-velehradu","category-novinky"],"post_mailing_queue_ids":[],"_links":{"self":[{"href":"http:\/\/www.velehrad.org.uk\/index.php?rest_route=\/wp\/v2\/posts\/7064","targetHints":{"allow":["GET"]}}],"collection":[{"href":"http:\/\/www.velehrad.org.uk\/index.php?rest_route=\/wp\/v2\/posts"}],"about":[{"href":"http:\/\/www.velehrad.org.uk\/index.php?rest_route=\/wp\/v2\/types\/post"}],"author":[{"embeddable":true,"href":"http:\/\/www.velehrad.org.uk\/index.php?rest_route=\/wp\/v2\/users\/1"}],"replies":[{"embeddable":true,"href":"http:\/\/www.velehrad.org.uk\/index.php?rest_route=%2Fwp%2Fv2%2Fcomments&post=7064"}],"version-history":[{"count":7,"href":"http:\/\/www.velehrad.org.uk\/index.php?rest_route=\/wp\/v2\/posts\/7064\/revisions"}],"predecessor-version":[{"id":7076,"href":"http:\/\/www.velehrad.org.uk\/index.php?rest_route=\/wp\/v2\/posts\/7064\/revisions\/7076"}],"wp:featuredmedia":[{"embeddable":true,"href":"http:\/\/www.velehrad.org.uk\/index.php?rest_route=\/wp\/v2\/media\/7065"}],"wp:attachment":[{"href":"http:\/\/www.velehrad.org.uk\/index.php?rest_route=%2Fwp%2Fv2%2Fmedia&parent=7064"}],"wp:term":[{"taxonomy":"category","embeddable":true,"href":"http:\/\/www.velehrad.org.uk\/index.php?rest_route=%2Fwp%2Fv2%2Fcategories&post=7064"},{"taxonomy":"post_tag","embeddable":true,"href":"http:\/\/www.velehrad.org.uk\/index.php?rest_route=%2Fwp%2Fv2%2Ftags&post=7064"}],"curies":[{"name":"wp","href":"https:\/\/api.w.org\/{rel}","templated":true}]}}