{"id":7104,"date":"2018-09-19T22:33:55","date_gmt":"2018-09-19T20:33:55","guid":{"rendered":"http:\/\/www.velehrad.org.uk\/?p=7104"},"modified":"2018-09-19T22:34:49","modified_gmt":"2018-09-19T20:34:49","slug":"velehrad-vzpominka-na-srpen-1968","status":"publish","type":"post","link":"http:\/\/www.velehrad.org.uk\/?p=7104","title":{"rendered":"Velehrad: Vzpom\u00ednka na srpen 1968"},"content":{"rendered":"<p>V ned\u011bli 2. z\u00e1\u0159\u00ed prob\u011bhla na Velehrad\u011b <strong>Vzpom\u00ednka na 21. srpna 1968<\/strong>. Na programu bylo&nbsp;prom\u00edt\u00e1n\u00ed nov\u00e9ho dokumentu \u010cesk\u00e9 televize, diskuze, hudba a ob\u010derstven\u00ed. Zazn\u011bla tak\u00e9 Motlitba pro Martu a \u010desk\u00e1 a slovensk\u00e1 st\u00e1tn\u00ed hymna.&nbsp;<\/p>\n<p>Dokument \u010cesk\u00e9 televize ZAPOMENUT\u00c9 PROTESTY naleznete zde:&nbsp;<\/p>\n<p><a href=\"https:\/\/www.ceskatelevize.cz\/porady\/10997918455-mimoradne-porady-ct24\/218411034000047-zapomenute-protesty\/\">https:\/\/www.ceskatelevize.cz\/porady\/10997918455-mimoradne-porady-ct24\/218411034000047-zapomenute-protesty\/<\/a><\/p>\n<p>Videa z na\u0161\u00ed akce naleznete zde:&nbsp;<\/p>\n<p style=\"font-weight: 400;\"><a href=\"https:\/\/www.youtube.com\/watch?v=aD3ngyWtgR0\" data-saferedirecturl=\"https:\/\/www.google.com\/url?q=https:\/\/www.youtube.com\/watch?v%3DaD3ngyWtgR0&amp;source=gmail&amp;ust=1537345227237000&amp;usg=AFQjCNG1Y9f-MT782HaO0r5wjM3hQMrDkQ\">https:\/\/www.youtube.com\/watch?v=aD3ngyWtgR0<\/a><\/p>\n<p style=\"font-weight: 400;\"><a href=\"https:\/\/www.youtube.com\/watch?v=oVQFDrJf960\" data-saferedirecturl=\"https:\/\/www.google.com\/url?q=https:\/\/www.youtube.com\/watch?v%3DoVQFDrJf960&amp;source=gmail&amp;ust=1537345227237000&amp;usg=AFQjCNEb7cI0pmrId3wAxnS5EU3aFc8bQA\">https:\/\/www.youtube.com\/watch?v=oVQFDrJf960<\/a><\/p>\n<p style=\"font-weight: 400;\"><a href=\"https:\/\/www.youtube.com\/watch?v=5FKw8A1wyUs\" data-saferedirecturl=\"https:\/\/www.google.com\/url?q=https:\/\/www.youtube.com\/watch?v%3D5FKw8A1wyUs&amp;source=gmail&amp;ust=1537345227237000&amp;usg=AFQjCNFmq6G_hwD4PpdOQWiANEW9xpuD4g\">https:\/\/www.youtube.com\/watch?v=5FKw8A1wyUs<\/a><\/p>\n<p style=\"font-weight: 400;\"><a href=\"https:\/\/www.youtube.com\/watch?v=ZS4FytaPYOo\" data-saferedirecturl=\"https:\/\/www.google.com\/url?q=https:\/\/www.youtube.com\/watch?v%3DZS4FytaPYOo&amp;source=gmail&amp;ust=1537345227237000&amp;usg=AFQjCNGloKRro-KbvmLEvmk0UlllFkRGuw\">https:\/\/www.youtube.com\/watch?v=ZS4FytaPYOo<\/a><\/p>\n<p style=\"font-weight: 400;\">&nbsp;<\/p>\n<p>&nbsp;<\/p>\n<p><a href=\"http:\/\/en.velehrad.org.uk\/wp-content\/uploads\/2018\/09\/unnamed-3.jpg\"><img loading=\"lazy\" decoding=\"async\" class=\"alignnone size-medium wp-image-928\" src=\"http:\/\/en.velehrad.org.uk\/wp-content\/uploads\/2018\/09\/unnamed-3-300x225.jpg\" alt=\"\" width=\"300\" height=\"225\"><\/a> <a href=\"http:\/\/en.velehrad.org.uk\/wp-content\/uploads\/2018\/09\/unnamed-2.jpg\"><img loading=\"lazy\" decoding=\"async\" class=\"alignnone size-medium wp-image-929\" src=\"http:\/\/en.velehrad.org.uk\/wp-content\/uploads\/2018\/09\/unnamed-2-300x225.jpg\" alt=\"\" width=\"300\" height=\"225\"><\/a> <a href=\"http:\/\/en.velehrad.org.uk\/wp-content\/uploads\/2018\/09\/unnamed-1.jpg\"><img loading=\"lazy\" decoding=\"async\" class=\"alignnone size-medium wp-image-930\" src=\"http:\/\/en.velehrad.org.uk\/wp-content\/uploads\/2018\/09\/unnamed-1-300x225.jpg\" alt=\"\" width=\"300\" height=\"225\"><\/a> <a href=\"http:\/\/en.velehrad.org.uk\/wp-content\/uploads\/2018\/09\/unnamed.jpg\"><img loading=\"lazy\" decoding=\"async\" class=\"alignnone size-medium wp-image-931\" src=\"http:\/\/en.velehrad.org.uk\/wp-content\/uploads\/2018\/09\/unnamed-300x225.jpg\" alt=\"\" width=\"300\" height=\"225\"><\/a><\/p>\n","protected":false},"excerpt":{"rendered":"<p>V ned\u011bli 2. z\u00e1\u0159\u00ed prob\u011bhla na Velehrad\u011b Vzpom\u00ednka na 21. srpna 1968. Na programu bylo&nbsp;prom\u00edt\u00e1n\u00ed nov\u00e9ho dokumentu \u010cesk\u00e9 televize, diskuze, hudba a ob\u010derstven\u00ed. Zazn\u011bla tak\u00e9 Motlitba pro Martu a \u010desk\u00e1 a slovensk\u00e1 st\u00e1tn\u00ed hymna.&nbsp; Dokument \u010cesk\u00e9 televize ZAPOMENUT\u00c9 PROTESTY naleznete zde:&nbsp; https:\/\/www.ceskatelevize.cz\/porady\/10997918455-mimoradne-porady-ct24\/218411034000047-zapomenute-protesty\/ Videa z na\u0161\u00ed akce&hellip; <a class=\"read-more-link\" href=\"http:\/\/www.velehrad.org.uk\/?p=7104\">\u010ct\u011bte v\u00edce<\/a><\/p>\n","protected":false},"author":1,"featured_media":7105,"comment_status":"closed","ping_status":"closed","sticky":false,"template":"","format":"standard","meta":{"ngg_post_thumbnail":0,"footnotes":""},"categories":[1,20,21],"tags":[],"class_list":["post-7104","post","type-post","status-publish","format-standard","has-post-thumbnail","hentry","category-akce-velehradu","category-novinky","category-prispevky"],"post_mailing_queue_ids":[],"_links":{"self":[{"href":"http:\/\/www.velehrad.org.uk\/index.php?rest_route=\/wp\/v2\/posts\/7104","targetHints":{"allow":["GET"]}}],"collection":[{"href":"http:\/\/www.velehrad.org.uk\/index.php?rest_route=\/wp\/v2\/posts"}],"about":[{"href":"http:\/\/www.velehrad.org.uk\/index.php?rest_route=\/wp\/v2\/types\/post"}],"author":[{"embeddable":true,"href":"http:\/\/www.velehrad.org.uk\/index.php?rest_route=\/wp\/v2\/users\/1"}],"replies":[{"embeddable":true,"href":"http:\/\/www.velehrad.org.uk\/index.php?rest_route=%2Fwp%2Fv2%2Fcomments&post=7104"}],"version-history":[{"count":2,"href":"http:\/\/www.velehrad.org.uk\/index.php?rest_route=\/wp\/v2\/posts\/7104\/revisions"}],"predecessor-version":[{"id":7107,"href":"http:\/\/www.velehrad.org.uk\/index.php?rest_route=\/wp\/v2\/posts\/7104\/revisions\/7107"}],"wp:featuredmedia":[{"embeddable":true,"href":"http:\/\/www.velehrad.org.uk\/index.php?rest_route=\/wp\/v2\/media\/7105"}],"wp:attachment":[{"href":"http:\/\/www.velehrad.org.uk\/index.php?rest_route=%2Fwp%2Fv2%2Fmedia&parent=7104"}],"wp:term":[{"taxonomy":"category","embeddable":true,"href":"http:\/\/www.velehrad.org.uk\/index.php?rest_route=%2Fwp%2Fv2%2Fcategories&post=7104"},{"taxonomy":"post_tag","embeddable":true,"href":"http:\/\/www.velehrad.org.uk\/index.php?rest_route=%2Fwp%2Fv2%2Ftags&post=7104"}],"curies":[{"name":"wp","href":"https:\/\/api.w.org\/{rel}","templated":true}]}}