{"id":7141,"date":"2018-09-24T12:16:24","date_gmt":"2018-09-24T10:16:24","guid":{"rendered":"http:\/\/www.velehrad.org.uk\/?p=7141"},"modified":"2018-09-26T12:25:06","modified_gmt":"2018-09-26T10:25:06","slug":"smetanova-ma-vlast-v-chiswicku","status":"publish","type":"post","link":"http:\/\/www.velehrad.org.uk\/?p=7141","title":{"rendered":"HUDEBN\u00cd POZV\u00c1NKA: Smetanova &#8220;M\u00e1 Vlast&#8221;"},"content":{"rendered":"<div class=\"shortcode service-wrap clearfix\">\n<div class=\"shortcode service last \">\n<p class=\"title\" style=\"text-align: center;\">West London Sinfonia will commemorate the<\/p>\n<p style=\"text-align: center;\"><strong>100th anniversary of Czechoslovak independence<\/strong><\/p>\n<p style=\"text-align: center;\"><strong>SMETANA&#8217;S M\u00c1 VLAST (MY COUNTRY)&nbsp;<\/strong><\/p>\n<p>&nbsp;<\/p>\n<p style=\"text-align: center;\"><strong>Saturday 13th October 7:30pm<\/strong><\/p>\n<p style=\"text-align: center;\"><strong>St Michael and All Angels Church<\/strong><\/p>\n<p style=\"text-align: center;\"><strong>Bedford Park<\/strong><\/p>\n<p style=\"text-align: center;\"><strong>London W41TT<\/strong><\/p>\n<\/div>\n<\/div>\n<p style=\"text-align: center;\">We begin our next season with a complete performance of Smetana\u2019s \u201cMa Vlast\u201d (My Country), to commemorate the 100th anniversary of Czechoslovak independence in October 1918.&nbsp;&nbsp;<\/p>\n<p style=\"text-align: center;\">Marc Dooley,&nbsp;<em>guest&nbsp;conductor<\/em><\/p>\n<p style=\"text-align: center;\">Iwona Boesche,&nbsp;<em>leader<\/em><\/p>\n<p style=\"text-align: center;\">&nbsp;<\/p>\n<p style=\"text-align: center;\"><strong>Tickets \u00a314 full price<\/strong><\/p>\n<p style=\"text-align: center;\"><strong>\u00a312 concession&nbsp;<\/strong><\/p>\n<p style=\"text-align: center;\"><strong>\u00a35 child\/student<\/strong><\/p>\n<p style=\"text-align: center;\">Buy on the door or online at&nbsp;https:\/\/westlondonsinfonia.org\/<\/p>\n","protected":false},"excerpt":{"rendered":"<p>West London Sinfonia will commemorate the 100th anniversary of Czechoslovak independence SMETANA&#8217;S M\u00c1 VLAST (MY COUNTRY)&nbsp; &nbsp; Saturday 13th October 7:30pm St Michael and All Angels Church Bedford Park London W41TT We begin our next season with a complete performance of Smetana\u2019s \u201cMa Vlast\u201d (My Country),&hellip; <a class=\"read-more-link\" href=\"http:\/\/www.velehrad.org.uk\/?p=7141\">\u010ct\u011bte v\u00edce<\/a><\/p>\n","protected":false},"author":1,"featured_media":7142,"comment_status":"closed","ping_status":"closed","sticky":false,"template":"","format":"standard","meta":{"ngg_post_thumbnail":0,"footnotes":""},"categories":[20],"tags":[],"class_list":["post-7141","post","type-post","status-publish","format-standard","has-post-thumbnail","hentry","category-novinky"],"post_mailing_queue_ids":[],"_links":{"self":[{"href":"http:\/\/www.velehrad.org.uk\/index.php?rest_route=\/wp\/v2\/posts\/7141","targetHints":{"allow":["GET"]}}],"collection":[{"href":"http:\/\/www.velehrad.org.uk\/index.php?rest_route=\/wp\/v2\/posts"}],"about":[{"href":"http:\/\/www.velehrad.org.uk\/index.php?rest_route=\/wp\/v2\/types\/post"}],"author":[{"embeddable":true,"href":"http:\/\/www.velehrad.org.uk\/index.php?rest_route=\/wp\/v2\/users\/1"}],"replies":[{"embeddable":true,"href":"http:\/\/www.velehrad.org.uk\/index.php?rest_route=%2Fwp%2Fv2%2Fcomments&post=7141"}],"version-history":[{"count":4,"href":"http:\/\/www.velehrad.org.uk\/index.php?rest_route=\/wp\/v2\/posts\/7141\/revisions"}],"predecessor-version":[{"id":7147,"href":"http:\/\/www.velehrad.org.uk\/index.php?rest_route=\/wp\/v2\/posts\/7141\/revisions\/7147"}],"wp:featuredmedia":[{"embeddable":true,"href":"http:\/\/www.velehrad.org.uk\/index.php?rest_route=\/wp\/v2\/media\/7142"}],"wp:attachment":[{"href":"http:\/\/www.velehrad.org.uk\/index.php?rest_route=%2Fwp%2Fv2%2Fmedia&parent=7141"}],"wp:term":[{"taxonomy":"category","embeddable":true,"href":"http:\/\/www.velehrad.org.uk\/index.php?rest_route=%2Fwp%2Fv2%2Fcategories&post=7141"},{"taxonomy":"post_tag","embeddable":true,"href":"http:\/\/www.velehrad.org.uk\/index.php?rest_route=%2Fwp%2Fv2%2Ftags&post=7141"}],"curies":[{"name":"wp","href":"https:\/\/api.w.org\/{rel}","templated":true}]}}