{"id":7179,"date":"2018-10-18T15:03:50","date_gmt":"2018-10-18T13:03:50","guid":{"rendered":"http:\/\/www.velehrad.org.uk\/?p=7179"},"modified":"2018-10-18T15:04:20","modified_gmt":"2018-10-18T13:04:20","slug":"7179","status":"publish","type":"post","link":"http:\/\/www.velehrad.org.uk\/?p=7179","title":{"rendered":"Dus\u030cic\u030ckov\u00e1 pout\u030c ke hrobu otce Langa"},"content":{"rendered":"<p style=\"text-align: center;\"><em>Spra\u0301vni\u0301 rada charity Velehrad London srdec\u030cne\u030c zve krajany na<\/em><\/p>\n<p style=\"text-align: center;\"><strong>Kaz\u030cdoroc\u030cni\u0301 Dus\u030cic\u030ckovou pout\u030c ke hrobu otce Langa<\/strong><\/p>\n<p style=\"text-align: center;\"><strong>V sobotu 3. listopadu ve 14.30<\/strong><\/p>\n<p style=\"text-align: center;\"><strong>povede P. Jir\u030ci\u0301 Za\u0301mec\u030cni\u0301k z R\u030ci\u0301ma.<\/strong><\/p>\n<p style=\"text-align: center;\">Sraz bude pr\u030ced kapli\u0301 na hr\u030cbitove\u030c<\/p>\n<p style=\"text-align: center;\"><strong>North East Surrey Crematorium and Morden Cemetery<\/strong><\/p>\n<p style=\"text-align: center;\"><strong>Lower Morden Lane, Morden, Surrey SM4 4NU<\/strong><\/p>\n<p style=\"text-align: center;\"><a href=\"http:\/\/www.nes-crematorium.org.uk\"><strong>http:\/\/www.nes-crematorium.org.uk<\/strong><\/a><\/p>\n<p style=\"text-align: center;\"><strong><em>Cesta<\/em><\/strong><em>: Metrem do Mordenu a pak autobus 293 do stejnojmenne\u0301 zasta\u0301vky, nebo autem po A24, odboc\u030cit na Tudor Drive sme\u030cr Raynes Park a Wimbledon a na prvni\u0301m kruhove\u0301m objezdu vlevo do Lower Morden Lane. Po pa\u0301r metrech vjet do bra\u0301ny hr\u030cbitova a rovne\u030c ke kapli. Za ni\u0301 pe\u030cs\u030cky da\u0301l rovne\u030c do jezuitske\u0301 sekce. <strong>Informace: Marta Tomsky, tel.: 07858-054777 <\/strong><\/em><\/p>\n","protected":false},"excerpt":{"rendered":"<p>Spra\u0301vni\u0301 rada charity Velehrad London srdec\u030cne\u030c zve krajany na Kaz\u030cdoroc\u030cni\u0301 Dus\u030cic\u030ckovou pout\u030c ke hrobu otce Langa V sobotu 3. listopadu ve 14.30 povede P. Jir\u030ci\u0301 Za\u0301mec\u030cni\u0301k z R\u030ci\u0301ma. Sraz bude pr\u030ced kapli\u0301 na hr\u030cbitove\u030c North East Surrey Crematorium and Morden Cemetery Lower Morden Lane, Morden, Surrey&hellip; <a class=\"read-more-link\" href=\"http:\/\/www.velehrad.org.uk\/?p=7179\">\u010ct\u011bte v\u00edce<\/a><\/p>\n","protected":false},"author":1,"featured_media":7180,"comment_status":"closed","ping_status":"closed","sticky":false,"template":"","format":"standard","meta":{"ngg_post_thumbnail":0,"footnotes":""},"categories":[1,20],"tags":[],"class_list":["post-7179","post","type-post","status-publish","format-standard","has-post-thumbnail","hentry","category-akce-velehradu","category-novinky"],"post_mailing_queue_ids":[],"_links":{"self":[{"href":"http:\/\/www.velehrad.org.uk\/index.php?rest_route=\/wp\/v2\/posts\/7179","targetHints":{"allow":["GET"]}}],"collection":[{"href":"http:\/\/www.velehrad.org.uk\/index.php?rest_route=\/wp\/v2\/posts"}],"about":[{"href":"http:\/\/www.velehrad.org.uk\/index.php?rest_route=\/wp\/v2\/types\/post"}],"author":[{"embeddable":true,"href":"http:\/\/www.velehrad.org.uk\/index.php?rest_route=\/wp\/v2\/users\/1"}],"replies":[{"embeddable":true,"href":"http:\/\/www.velehrad.org.uk\/index.php?rest_route=%2Fwp%2Fv2%2Fcomments&post=7179"}],"version-history":[{"count":2,"href":"http:\/\/www.velehrad.org.uk\/index.php?rest_route=\/wp\/v2\/posts\/7179\/revisions"}],"predecessor-version":[{"id":7182,"href":"http:\/\/www.velehrad.org.uk\/index.php?rest_route=\/wp\/v2\/posts\/7179\/revisions\/7182"}],"wp:featuredmedia":[{"embeddable":true,"href":"http:\/\/www.velehrad.org.uk\/index.php?rest_route=\/wp\/v2\/media\/7180"}],"wp:attachment":[{"href":"http:\/\/www.velehrad.org.uk\/index.php?rest_route=%2Fwp%2Fv2%2Fmedia&parent=7179"}],"wp:term":[{"taxonomy":"category","embeddable":true,"href":"http:\/\/www.velehrad.org.uk\/index.php?rest_route=%2Fwp%2Fv2%2Fcategories&post=7179"},{"taxonomy":"post_tag","embeddable":true,"href":"http:\/\/www.velehrad.org.uk\/index.php?rest_route=%2Fwp%2Fv2%2Ftags&post=7179"}],"curies":[{"name":"wp","href":"https:\/\/api.w.org\/{rel}","templated":true}]}}