{"id":7183,"date":"2018-10-18T15:05:50","date_gmt":"2018-10-18T13:05:50","guid":{"rendered":"http:\/\/www.velehrad.org.uk\/?p=7183"},"modified":"2018-10-18T15:05:50","modified_gmt":"2018-10-18T13:05:50","slug":"pozvanka-rozhovor-s-pani-hanou-ludikarovou","status":"publish","type":"post","link":"http:\/\/www.velehrad.org.uk\/?p=7183","title":{"rendered":"POZV\u00c1NKA: ROZHOVOR S PAN\u00cd HANOU LUDIKAROVOU"},"content":{"rendered":"<p style=\"text-align: center;\"><em>Spr<\/em><em>\u00e1vn\u00ed rada lond\u00fdnsk\u00e9ho Velehradu srde\u010dn\u011b zve krajany na<\/em><\/p>\n<p style=\"text-align: center;\"><em>program v&nbsp;cyklu ROZHOVORY S&nbsp;OSOBNOSTMI na<\/em><\/p>\n<p style=\"text-align: center;\">&nbsp;<\/p>\n<p style=\"text-align: center;\"><strong>ROZHOVOR S&nbsp;PAN\u00cd HANOU LUDIKAROVOU<\/strong><\/p>\n<p style=\"text-align: center;\">&nbsp;<\/p>\n<h5 style=\"text-align: center;\">dcerou v\u00fdznamn\u00e9ho \u010deskoslovensk\u00e9ho<\/h5>\n<h5 style=\"text-align: center;\">politika a n\u00e1rodohospod\u00e1\u0159e<\/h5>\n<h5 style=\"text-align: center;\">dr. Ladislava Feirabenda<\/h5>\n<h5 style=\"text-align: center;\">a \u017eenou letce<\/h5>\n<h5 style=\"text-align: center;\">jednoho z \u010deskoslovensk\u00fdch leteck\u00fdch pluk\u016f RAF.<\/h5>\n<p style=\"text-align: center;\">&nbsp;<\/p>\n<p style=\"text-align: center;\"><strong>V&nbsp;ned\u011bli 4. listopadu v&nbsp;16.00 hodin<\/strong><\/p>\n<p style=\"text-align: center;\"><strong>&nbsp;<\/strong><\/p>\n<p style=\"text-align: center;\"><strong>V&nbsp;s\u00e1le Velehradu v&nbsp;Barnes, 39 Lonsdale Rd., London SW13 9JP<\/strong><\/p>\n<p style=\"text-align: center;\"><strong>&nbsp;<\/strong><\/p>\n<p style=\"text-align: center;\"><strong>Po programu n\u00e1sleduje diskuse a ob\u010derstven\u00ed.<\/strong><\/p>\n<p style=\"text-align: center;\"><strong>&nbsp;<\/strong><\/p>\n<p style=\"text-align: center;\"><strong>Registrujte se laskav\u011b p\u0159edem na email: <\/strong><a href=\"mailto:ludmilastane@gmail.com\"><strong><em>ludmilastane<\/em><\/strong><strong><em>@gmail.com<\/em><\/strong><\/a><\/p>\n<p style=\"text-align: center;\"><strong>Nebo text na mobil: 07468 570551<\/strong><\/p>\n","protected":false},"excerpt":{"rendered":"<p>Spr\u00e1vn\u00ed rada lond\u00fdnsk\u00e9ho Velehradu srde\u010dn\u011b zve krajany na program v&nbsp;cyklu ROZHOVORY S&nbsp;OSOBNOSTMI na &nbsp; ROZHOVOR S&nbsp;PAN\u00cd HANOU LUDIKAROVOU &nbsp; dcerou v\u00fdznamn\u00e9ho \u010deskoslovensk\u00e9ho politika a n\u00e1rodohospod\u00e1\u0159e dr. Ladislava Feirabenda a \u017eenou letce jednoho z \u010deskoslovensk\u00fdch leteck\u00fdch pluk\u016f RAF. &nbsp; V&nbsp;ned\u011bli 4. listopadu v&nbsp;16.00 hodin &nbsp; V&nbsp;s\u00e1le Velehradu&hellip; <a class=\"read-more-link\" href=\"http:\/\/www.velehrad.org.uk\/?p=7183\">\u010ct\u011bte v\u00edce<\/a><\/p>\n","protected":false},"author":1,"featured_media":0,"comment_status":"closed","ping_status":"closed","sticky":false,"template":"","format":"standard","meta":{"ngg_post_thumbnail":0,"footnotes":""},"categories":[1,20],"tags":[],"class_list":["post-7183","post","type-post","status-publish","format-standard","hentry","category-akce-velehradu","category-novinky"],"post_mailing_queue_ids":[],"_links":{"self":[{"href":"http:\/\/www.velehrad.org.uk\/index.php?rest_route=\/wp\/v2\/posts\/7183","targetHints":{"allow":["GET"]}}],"collection":[{"href":"http:\/\/www.velehrad.org.uk\/index.php?rest_route=\/wp\/v2\/posts"}],"about":[{"href":"http:\/\/www.velehrad.org.uk\/index.php?rest_route=\/wp\/v2\/types\/post"}],"author":[{"embeddable":true,"href":"http:\/\/www.velehrad.org.uk\/index.php?rest_route=\/wp\/v2\/users\/1"}],"replies":[{"embeddable":true,"href":"http:\/\/www.velehrad.org.uk\/index.php?rest_route=%2Fwp%2Fv2%2Fcomments&post=7183"}],"version-history":[{"count":1,"href":"http:\/\/www.velehrad.org.uk\/index.php?rest_route=\/wp\/v2\/posts\/7183\/revisions"}],"predecessor-version":[{"id":7184,"href":"http:\/\/www.velehrad.org.uk\/index.php?rest_route=\/wp\/v2\/posts\/7183\/revisions\/7184"}],"wp:attachment":[{"href":"http:\/\/www.velehrad.org.uk\/index.php?rest_route=%2Fwp%2Fv2%2Fmedia&parent=7183"}],"wp:term":[{"taxonomy":"category","embeddable":true,"href":"http:\/\/www.velehrad.org.uk\/index.php?rest_route=%2Fwp%2Fv2%2Fcategories&post=7183"},{"taxonomy":"post_tag","embeddable":true,"href":"http:\/\/www.velehrad.org.uk\/index.php?rest_route=%2Fwp%2Fv2%2Ftags&post=7183"}],"curies":[{"name":"wp","href":"https:\/\/api.w.org\/{rel}","templated":true}]}}