{"id":7196,"date":"2018-11-14T12:49:56","date_gmt":"2018-11-14T10:49:56","guid":{"rendered":"http:\/\/www.velehrad.org.uk\/?p=7196"},"modified":"2018-11-14T13:32:53","modified_gmt":"2018-11-14T11:32:53","slug":"pozvanka-koncert-na-velehrade-22-11","status":"publish","type":"post","link":"http:\/\/www.velehrad.org.uk\/?p=7196","title":{"rendered":"POZV\u00c1NKA: KONCERT NA VELEHRAD\u011a 22.11."},"content":{"rendered":"<p style=\"text-align: center;\">Spr\u00e1vn\u00ed rada lond\u00fdnsk\u00e9ho Velehradu srde\u010dn\u011b zve na koncert po\u0159\u00e1dan\u00fd Barnes Music Society, kter\u00fd se bude konat na Velehrad\u011b ve \u010dtvrtek 22.11.&nbsp;<\/p>\n<p>&nbsp;<\/p>\n<p><a href=\"http:\/\/www.velehrad.org.uk\/wp-content\/uploads\/2018\/11\/image001.jpg\"><img loading=\"lazy\" decoding=\"async\" class=\" wp-image-7198 aligncenter\" src=\"http:\/\/www.velehrad.org.uk\/wp-content\/uploads\/2018\/11\/image001-208x300.jpg\" alt=\"\" width=\"585\" height=\"844\" srcset=\"http:\/\/www.velehrad.org.uk\/wp-content\/uploads\/2018\/11\/image001-208x300.jpg 208w, http:\/\/www.velehrad.org.uk\/wp-content\/uploads\/2018\/11\/image001-644x930.jpg 644w, http:\/\/www.velehrad.org.uk\/wp-content\/uploads\/2018\/11\/image001.jpg 720w\" sizes=\"auto, (max-width: 585px) 100vw, 585px\" \/><\/a><\/p>\n","protected":false},"excerpt":{"rendered":"<p>Spr\u00e1vn\u00ed rada lond\u00fdnsk\u00e9ho Velehradu srde\u010dn\u011b zve na koncert po\u0159\u00e1dan\u00fd Barnes Music Society, kter\u00fd se bude konat na Velehrad\u011b ve \u010dtvrtek 22.11.&nbsp; &nbsp;<\/p>\n","protected":false},"author":1,"featured_media":7221,"comment_status":"closed","ping_status":"closed","sticky":false,"template":"","format":"standard","meta":{"ngg_post_thumbnail":0,"footnotes":""},"categories":[20],"tags":[],"class_list":["post-7196","post","type-post","status-publish","format-standard","has-post-thumbnail","hentry","category-novinky"],"post_mailing_queue_ids":[],"_links":{"self":[{"href":"http:\/\/www.velehrad.org.uk\/index.php?rest_route=\/wp\/v2\/posts\/7196","targetHints":{"allow":["GET"]}}],"collection":[{"href":"http:\/\/www.velehrad.org.uk\/index.php?rest_route=\/wp\/v2\/posts"}],"about":[{"href":"http:\/\/www.velehrad.org.uk\/index.php?rest_route=\/wp\/v2\/types\/post"}],"author":[{"embeddable":true,"href":"http:\/\/www.velehrad.org.uk\/index.php?rest_route=\/wp\/v2\/users\/1"}],"replies":[{"embeddable":true,"href":"http:\/\/www.velehrad.org.uk\/index.php?rest_route=%2Fwp%2Fv2%2Fcomments&post=7196"}],"version-history":[{"count":2,"href":"http:\/\/www.velehrad.org.uk\/index.php?rest_route=\/wp\/v2\/posts\/7196\/revisions"}],"predecessor-version":[{"id":7200,"href":"http:\/\/www.velehrad.org.uk\/index.php?rest_route=\/wp\/v2\/posts\/7196\/revisions\/7200"}],"wp:featuredmedia":[{"embeddable":true,"href":"http:\/\/www.velehrad.org.uk\/index.php?rest_route=\/wp\/v2\/media\/7221"}],"wp:attachment":[{"href":"http:\/\/www.velehrad.org.uk\/index.php?rest_route=%2Fwp%2Fv2%2Fmedia&parent=7196"}],"wp:term":[{"taxonomy":"category","embeddable":true,"href":"http:\/\/www.velehrad.org.uk\/index.php?rest_route=%2Fwp%2Fv2%2Fcategories&post=7196"},{"taxonomy":"post_tag","embeddable":true,"href":"http:\/\/www.velehrad.org.uk\/index.php?rest_route=%2Fwp%2Fv2%2Ftags&post=7196"}],"curies":[{"name":"wp","href":"https:\/\/api.w.org\/{rel}","templated":true}]}}