{"id":7206,"date":"2018-11-14T13:15:12","date_gmt":"2018-11-14T11:15:12","guid":{"rendered":"http:\/\/www.velehrad.org.uk\/?p=7206"},"modified":"2018-12-23T15:54:56","modified_gmt":"2018-12-23T13:54:56","slug":"adventni-mse-9-prosince-od-14-00-slouzi-biskup-vaclav-maly","status":"publish","type":"post","link":"http:\/\/www.velehrad.org.uk\/?p=7206","title":{"rendered":"ADVENTN\u00cd M\u0160E, 9. PROSINCE OD 14.00 &#8211; SLOU\u017d\u00cd BISKUP V\u00c1CLAV MAL\u00dd"},"content":{"rendered":"<p style=\"text-align: center;\">Spr\u00e1vn\u00ed rada lond\u00fdnsk\u00e9ho Velehradu V\u00e1s srde\u010dn\u011b zve na<br \/>\nAdventn\u00ed m\u0161i svatou<br \/>\n<strong>v ned\u011bli 9. prosince 2018 ve 14. hodin,<\/strong><\/p>\n<p style=\"text-align: center;\">kterou bude slou\u017eit<\/p>\n<p style=\"text-align: center;\"><strong>Mons. V\u00e1clav Mal\u00fd<\/strong><br \/>\n<strong>sv\u011bt\u00edc\u00ed biskup pra\u017esk\u00fd<\/strong><br \/>\nV Espinosa s\u00e1le na VELEHRAD\u011a<br \/>\n39 Lonsdale Rd., Barnes, London SW13 9JP<\/p>\n<p style=\"text-align: center;\">Instrukce pro nov\u00e9 hosty: http:\/\/www.velehrad.org.uk\/?page_id=17<\/p>\n<p style=\"text-align: center;\"><strong>Od 15.30 do 16.30 bude p\u0159\u00edle\u017eitost setkat se s Mons. V\u00e1clavem Mal\u00fdm<\/strong><\/p>\n<p style=\"text-align: center;\">V Espinosa s\u00e1le na VELEHRAD\u011a<br \/>\nP\u0159ij\u010fte a p\u0159ive\u010fte sv\u00e9 zn\u00e1m\u00e9.<\/p>\n<p style=\"text-align: center;\"><strong>Info. Ludmila St\u00e1n\u011b: ludmilastane@gmail.com or mob: 07468 570551<\/strong><\/p>\n<p style=\"text-align: center;\">V\u00e1clav Mal\u00fd ve\u0161el v \u0161irokou ve\u0159ejnou zn\u00e1most za sametov\u00e9 revoluce v roce 1989, kdy moderoval velk\u00e1<br \/>\nlidov\u00e1 shrom\u00e1\u017ed\u011bn\u00ed, nap\u0159\u00edklad shrom\u00e1\u017ed\u011bn\u00ed t\u0159i \u010dtvrt\u011b milionu lid\u00ed na Letensk\u00e9 pl\u00e1ni 25. listopadu nebo<br \/>\nn\u011bkolik shrom\u00e1\u017ed\u011bn\u00ed na V\u00e1clavsk\u00e9m n\u00e1m\u011bst\u00ed. Byl spoluzakladatelem a prvn\u00edm mluv\u010d\u00edm Ob\u010dansk\u00e9ho<br \/>\nf\u00f3ra. Na kn\u011bze byl V\u00e1clav Mal\u00fd vysv\u011bcen v 26. \u010dervna 1976. V roce 1977 podepsal Chartu 77 a o rok<br \/>\npozd\u011bji byl jedn\u00edm ze 17 zakladatel\u016f V\u00fdboru na obranu nespravedliv\u011b st\u00edhan\u00fdch. V lednu 1979 byl<br \/>\nzbaven st\u00e1tn\u00edho souhlasu, v 1979 byl bez soudu v\u011bzn\u011bn (obvin\u011bn z podvracen\u00ed republiky). V 1981<br \/>\nbyl mluv\u010d\u00edm Charty 77. Od roku 1988 byl \u010dlenem \u010ceskoslovensk\u00e9ho helsinsk\u00e9ho v\u00fdboru. 11. ledna<br \/>\n1997 byl V\u00e1clav Mal\u00fd vysv\u011bcen pomocn\u00fdm biskupem pra\u017esk\u00fdm. V roce 2012 \u010cesk\u00e1 biskupsk\u00e1<br \/>\nkonference pov\u011b\u0159ila biskupa V\u00e1clava Mal\u00e9ho pastora\u010dn\u00ed p\u00e9\u010d\u00ed krajan\u016f ve sv\u011bt\u011b.<\/p>\n","protected":false},"excerpt":{"rendered":"<p>Spr\u00e1vn\u00ed rada lond\u00fdnsk\u00e9ho Velehradu V\u00e1s srde\u010dn\u011b zve na Adventn\u00ed m\u0161i svatou v ned\u011bli 9. prosince 2018 ve 14. hodin, kterou bude slou\u017eit Mons. V\u00e1clav Mal\u00fd sv\u011bt\u00edc\u00ed biskup pra\u017esk\u00fd V Espinosa s\u00e1le na VELEHRAD\u011a 39 Lonsdale Rd., Barnes, London SW13 9JP Instrukce pro nov\u00e9 hosty: http:\/\/www.velehrad.org.uk\/?page_id=17 Od&hellip; <a class=\"read-more-link\" href=\"http:\/\/www.velehrad.org.uk\/?p=7206\">\u010ct\u011bte v\u00edce<\/a><\/p>\n","protected":false},"author":1,"featured_media":7207,"comment_status":"closed","ping_status":"closed","sticky":false,"template":"","format":"standard","meta":{"ngg_post_thumbnail":0,"footnotes":""},"categories":[1,20],"tags":[],"class_list":["post-7206","post","type-post","status-publish","format-standard","has-post-thumbnail","hentry","category-akce-velehradu","category-novinky"],"post_mailing_queue_ids":[],"_links":{"self":[{"href":"http:\/\/www.velehrad.org.uk\/index.php?rest_route=\/wp\/v2\/posts\/7206","targetHints":{"allow":["GET"]}}],"collection":[{"href":"http:\/\/www.velehrad.org.uk\/index.php?rest_route=\/wp\/v2\/posts"}],"about":[{"href":"http:\/\/www.velehrad.org.uk\/index.php?rest_route=\/wp\/v2\/types\/post"}],"author":[{"embeddable":true,"href":"http:\/\/www.velehrad.org.uk\/index.php?rest_route=\/wp\/v2\/users\/1"}],"replies":[{"embeddable":true,"href":"http:\/\/www.velehrad.org.uk\/index.php?rest_route=%2Fwp%2Fv2%2Fcomments&post=7206"}],"version-history":[{"count":2,"href":"http:\/\/www.velehrad.org.uk\/index.php?rest_route=\/wp\/v2\/posts\/7206\/revisions"}],"predecessor-version":[{"id":7209,"href":"http:\/\/www.velehrad.org.uk\/index.php?rest_route=\/wp\/v2\/posts\/7206\/revisions\/7209"}],"wp:featuredmedia":[{"embeddable":true,"href":"http:\/\/www.velehrad.org.uk\/index.php?rest_route=\/wp\/v2\/media\/7207"}],"wp:attachment":[{"href":"http:\/\/www.velehrad.org.uk\/index.php?rest_route=%2Fwp%2Fv2%2Fmedia&parent=7206"}],"wp:term":[{"taxonomy":"category","embeddable":true,"href":"http:\/\/www.velehrad.org.uk\/index.php?rest_route=%2Fwp%2Fv2%2Fcategories&post=7206"},{"taxonomy":"post_tag","embeddable":true,"href":"http:\/\/www.velehrad.org.uk\/index.php?rest_route=%2Fwp%2Fv2%2Ftags&post=7206"}],"curies":[{"name":"wp","href":"https:\/\/api.w.org\/{rel}","templated":true}]}}