{"id":7229,"date":"2018-12-23T15:51:01","date_gmt":"2018-12-23T13:51:01","guid":{"rendered":"http:\/\/www.velehrad.org.uk\/?p=7229"},"modified":"2019-03-03T18:57:13","modified_gmt":"2019-03-03T16:57:13","slug":"mikulasska-slavnost-fotografie","status":"publish","type":"post","link":"http:\/\/www.velehrad.org.uk\/?p=7229","title":{"rendered":"MIKUL\u00c1\u0160SK\u00c1 SLAVNOST: FOTOGRAFIE"},"content":{"rendered":"<p>V ned\u011bli 9.12. se na Velehrad\u011b konala tradi\u010dn\u00ed Mikul\u00e1\u0161sk\u00e1 slavnost, na kter\u00e9 se se\u0161lo p\u0159es \u010dty\u0159icet d\u011bt\u00ed s rodi\u010di. Na programu nechyb\u011blo vyr\u00e1b\u011bn\u00ed v\u00e1no\u010dn\u00edch ozdob a p\u0159\u00e1n\u00ed\u010dek, dopis Je\u017e\u00ed\u0161kovi, zp\u00edv\u00e1n\u00ed koled s doprovodem Jakuba Tom\u00e1\u0161ka, v\u00e1no\u010dn\u00ed ob\u010derstven\u00ed a samoz\u0159ejm\u011b tak\u00e9 nad\u00edlka pro v\u0161echny hodn\u00e9 d\u011bti. Fotografie najdete v sekci <a href=\"http:\/\/www.velehrad.org.uk\/?page_id=19\">FOTOGRAFIE<\/a>.<\/p>\n","protected":false},"excerpt":{"rendered":"<p>P\u0159in\u00e1\u0161\u00edme V\u00e1m fotografie z Mikul\u00e1\u0161sk\u00e9 slavnosti, kter\u00e1 se na Velehrad\u011b konala 9.12.  <a class=\"read-more-link\" href=\"http:\/\/www.velehrad.org.uk\/?p=7229\">\u010ct\u011bte v\u00edce<\/a><\/p>\n","protected":false},"author":1,"featured_media":7230,"comment_status":"closed","ping_status":"closed","sticky":false,"template":"","format":"standard","meta":{"ngg_post_thumbnail":0,"footnotes":""},"categories":[1,20],"tags":[],"class_list":["post-7229","post","type-post","status-publish","format-standard","has-post-thumbnail","hentry","category-akce-velehradu","category-novinky"],"post_mailing_queue_ids":[],"_links":{"self":[{"href":"http:\/\/www.velehrad.org.uk\/index.php?rest_route=\/wp\/v2\/posts\/7229","targetHints":{"allow":["GET"]}}],"collection":[{"href":"http:\/\/www.velehrad.org.uk\/index.php?rest_route=\/wp\/v2\/posts"}],"about":[{"href":"http:\/\/www.velehrad.org.uk\/index.php?rest_route=\/wp\/v2\/types\/post"}],"author":[{"embeddable":true,"href":"http:\/\/www.velehrad.org.uk\/index.php?rest_route=\/wp\/v2\/users\/1"}],"replies":[{"embeddable":true,"href":"http:\/\/www.velehrad.org.uk\/index.php?rest_route=%2Fwp%2Fv2%2Fcomments&post=7229"}],"version-history":[{"count":3,"href":"http:\/\/www.velehrad.org.uk\/index.php?rest_route=\/wp\/v2\/posts\/7229\/revisions"}],"predecessor-version":[{"id":7535,"href":"http:\/\/www.velehrad.org.uk\/index.php?rest_route=\/wp\/v2\/posts\/7229\/revisions\/7535"}],"wp:featuredmedia":[{"embeddable":true,"href":"http:\/\/www.velehrad.org.uk\/index.php?rest_route=\/wp\/v2\/media\/7230"}],"wp:attachment":[{"href":"http:\/\/www.velehrad.org.uk\/index.php?rest_route=%2Fwp%2Fv2%2Fmedia&parent=7229"}],"wp:term":[{"taxonomy":"category","embeddable":true,"href":"http:\/\/www.velehrad.org.uk\/index.php?rest_route=%2Fwp%2Fv2%2Fcategories&post=7229"},{"taxonomy":"post_tag","embeddable":true,"href":"http:\/\/www.velehrad.org.uk\/index.php?rest_route=%2Fwp%2Fv2%2Ftags&post=7229"}],"curies":[{"name":"wp","href":"https:\/\/api.w.org\/{rel}","templated":true}]}}