{"id":7271,"date":"2018-12-23T16:10:11","date_gmt":"2018-12-23T14:10:11","guid":{"rendered":"http:\/\/www.velehrad.org.uk\/?p=7271"},"modified":"2019-03-03T18:57:08","modified_gmt":"2019-03-03T16:57:08","slug":"nedelni-skolicka-na-velehrade","status":"publish","type":"post","link":"http:\/\/www.velehrad.org.uk\/?p=7271","title":{"rendered":"Ned\u011bln\u00ed \u0161koli\u010dka na Velehrad\u011b"},"content":{"rendered":"<p>R\u00e1di bychom v\u0161em rodi\u010d\u016fm a d\u011btem pod\u011bkovali za skv\u011blou spolupr\u00e1ci p\u0159i organizaci ned\u011bln\u00ed \u0161koli\u010dky na Velehrad\u011b. Jsme moc r\u00e1di, \u017ee se n\u00e1m poda\u0159ilo vytvo\u0159it komunitu d\u011bt\u00ed a rodi\u010d\u016f, kte\u0159\u00ed se aktivn\u011b pod\u00edl\u00ed na chodu na\u0161ich kro\u017ek\u016f pro d\u011bti a dosp\u011bl\u00e9.<\/p>\n<p>Ka\u017edou ned\u011bli maj\u00ed d\u011bti ve v\u011bku od 2 do 8 let mo\u017enost nav\u0161t\u011bvovat r\u016fzn\u00e9 krou\u017eky v \u010de\u0161tin\u011b: \u010deskou v\u00fdtvarnou d\u00edlni\u010dku, poh\u00e1dk\u00e1\u0159 \u010di hernu. Mysl\u00edme tak\u00e9 na anglicky mluv\u00edc\u00ed rodi\u010de, pro kter\u00e9 po\u0159\u00e1d\u00e1me kurzy \u010de\u0161tiny pro cizince (za\u010d\u00e1te\u010dn\u00edci a pokro\u010dil\u00ed).<\/p>\n<p>Aktivn\u011b podporujeme \u010dten\u00e1\u0159e a sna\u017e\u00edme se, aby d\u011bti pravideln\u011b \u010detly. Na\u0161e knihovnice, maminka Nina, uspo\u0159\u00e1dala v\u00fdbornou kni\u017en\u00ed akci, na kter\u00e9 se pod\u00edlelo spoustu rodi\u010d\u016f. Pou\u017eit\u00e9 anglick\u00e9 knihy putovaly do knihovny v \u010cesk\u00e9 republice a my te\u010f netrp\u011bliv\u011b \u010dek\u00e1me na \u010desk\u00e9 kn\u00ed\u017eky.<\/p>\n<p>Moment\u00e1ln\u011b pracujeme na programu pro star\u0161\u00ed d\u011bti (7+), kter\u00fd by se v\u00edce soust\u0159e\u010foval na \u010deskou gramatiku a \u010desk\u00e9 re\u00e1lie.<\/p>\n<p>P\u0159ejeme v\u0161em vesel\u00e9 V\u00e1noce a \u0161\u0165astn\u00fd Nov\u00fd rok!<\/p>\n<p>Budeme se na V\u00e1s t\u011b\u0161it zase v lednu. Za\u010d\u00edn\u00e1me v ned\u011bli 13.1.<\/p>\n<p><a href=\"http:\/\/www.velehrad.org.uk\/wp-content\/uploads\/2018\/12\/44043459_2092688877661601_5433697872178577408_o-1.jpg\"><img loading=\"lazy\" decoding=\"async\" class=\"alignnone size-medium wp-image-7273\" src=\"http:\/\/www.velehrad.org.uk\/wp-content\/uploads\/2018\/12\/44043459_2092688877661601_5433697872178577408_o-1-300x200.jpg\" alt=\"\" width=\"300\" height=\"200\" srcset=\"http:\/\/www.velehrad.org.uk\/wp-content\/uploads\/2018\/12\/44043459_2092688877661601_5433697872178577408_o-1-300x200.jpg 300w, http:\/\/www.velehrad.org.uk\/wp-content\/uploads\/2018\/12\/44043459_2092688877661601_5433697872178577408_o-1-768x512.jpg 768w, http:\/\/www.velehrad.org.uk\/wp-content\/uploads\/2018\/12\/44043459_2092688877661601_5433697872178577408_o-1-644x429.jpg 644w, http:\/\/www.velehrad.org.uk\/wp-content\/uploads\/2018\/12\/44043459_2092688877661601_5433697872178577408_o-1-272x182.jpg 272w, http:\/\/www.velehrad.org.uk\/wp-content\/uploads\/2018\/12\/44043459_2092688877661601_5433697872178577408_o-1.jpg 1944w\" sizes=\"auto, (max-width: 300px) 100vw, 300px\" \/><\/a> <a href=\"http:\/\/www.velehrad.org.uk\/wp-content\/uploads\/2018\/12\/44023338_2092688640994958_7291633890442084352_o.jpg\"><img loading=\"lazy\" decoding=\"async\" class=\"alignnone size-medium wp-image-7274\" src=\"http:\/\/www.velehrad.org.uk\/wp-content\/uploads\/2018\/12\/44023338_2092688640994958_7291633890442084352_o-300x200.jpg\" alt=\"\" width=\"300\" height=\"200\" srcset=\"http:\/\/www.velehrad.org.uk\/wp-content\/uploads\/2018\/12\/44023338_2092688640994958_7291633890442084352_o-300x200.jpg 300w, http:\/\/www.velehrad.org.uk\/wp-content\/uploads\/2018\/12\/44023338_2092688640994958_7291633890442084352_o-768x512.jpg 768w, http:\/\/www.velehrad.org.uk\/wp-content\/uploads\/2018\/12\/44023338_2092688640994958_7291633890442084352_o-644x429.jpg 644w, http:\/\/www.velehrad.org.uk\/wp-content\/uploads\/2018\/12\/44023338_2092688640994958_7291633890442084352_o-272x182.jpg 272w, http:\/\/www.velehrad.org.uk\/wp-content\/uploads\/2018\/12\/44023338_2092688640994958_7291633890442084352_o.jpg 1944w\" sizes=\"auto, (max-width: 300px) 100vw, 300px\" \/><\/a> <a href=\"http:\/\/www.velehrad.org.uk\/wp-content\/uploads\/2018\/12\/46449487_2111269505803538_5846459180105334784_n.jpg\"><img loading=\"lazy\" decoding=\"async\" class=\"alignnone size-medium wp-image-7275\" src=\"http:\/\/www.velehrad.org.uk\/wp-content\/uploads\/2018\/12\/46449487_2111269505803538_5846459180105334784_n-300x225.jpg\" alt=\"\" width=\"300\" height=\"225\" srcset=\"http:\/\/www.velehrad.org.uk\/wp-content\/uploads\/2018\/12\/46449487_2111269505803538_5846459180105334784_n-300x225.jpg 300w, http:\/\/www.velehrad.org.uk\/wp-content\/uploads\/2018\/12\/46449487_2111269505803538_5846459180105334784_n-768x576.jpg 768w, http:\/\/www.velehrad.org.uk\/wp-content\/uploads\/2018\/12\/46449487_2111269505803538_5846459180105334784_n-644x483.jpg 644w, http:\/\/www.velehrad.org.uk\/wp-content\/uploads\/2018\/12\/46449487_2111269505803538_5846459180105334784_n.jpg 960w\" sizes=\"auto, (max-width: 300px) 100vw, 300px\" \/><\/a> <a href=\"http:\/\/www.velehrad.org.uk\/wp-content\/uploads\/2018\/12\/46659747_2115017238762098_5422452887588438016_n.jpg\"><img loading=\"lazy\" decoding=\"async\" class=\"alignnone size-medium wp-image-7276\" src=\"http:\/\/www.velehrad.org.uk\/wp-content\/uploads\/2018\/12\/46659747_2115017238762098_5422452887588438016_n-300x225.jpg\" alt=\"\" width=\"300\" height=\"225\" srcset=\"http:\/\/www.velehrad.org.uk\/wp-content\/uploads\/2018\/12\/46659747_2115017238762098_5422452887588438016_n-300x225.jpg 300w, http:\/\/www.velehrad.org.uk\/wp-content\/uploads\/2018\/12\/46659747_2115017238762098_5422452887588438016_n-768x576.jpg 768w, http:\/\/www.velehrad.org.uk\/wp-content\/uploads\/2018\/12\/46659747_2115017238762098_5422452887588438016_n-644x483.jpg 644w, http:\/\/www.velehrad.org.uk\/wp-content\/uploads\/2018\/12\/46659747_2115017238762098_5422452887588438016_n.jpg 960w\" sizes=\"auto, (max-width: 300px) 100vw, 300px\" \/><\/a><\/p>\n","protected":false},"excerpt":{"rendered":"<p>R\u00e1di bychom v\u0161em rodi\u010d\u016fm a d\u011btem pod\u011bkovali za skv\u011blou spolupr\u00e1ci p\u0159i organizaci ned\u011bln\u00ed \u0161koli\u010dky na Velehrad\u011b. Jsme moc r\u00e1di, \u017ee se n\u00e1m poda\u0159ilo vytvo\u0159it komunitu d\u011bt\u00ed a rodi\u010d\u016f, kte\u0159\u00ed se aktivn\u011b pod\u00edl\u00ed na chodu na\u0161ich kro\u017ek\u016f pro d\u011bti a dosp\u011bl\u00e9.\u00a0 <a class=\"read-more-link\" href=\"http:\/\/www.velehrad.org.uk\/?p=7271\">\u010ct\u011bte v\u00edce<\/a><\/p>\n","protected":false},"author":1,"featured_media":7272,"comment_status":"closed","ping_status":"closed","sticky":false,"template":"","format":"standard","meta":{"ngg_post_thumbnail":0,"footnotes":""},"categories":[1,20],"tags":[],"class_list":["post-7271","post","type-post","status-publish","format-standard","has-post-thumbnail","hentry","category-akce-velehradu","category-novinky"],"post_mailing_queue_ids":[],"_links":{"self":[{"href":"http:\/\/www.velehrad.org.uk\/index.php?rest_route=\/wp\/v2\/posts\/7271","targetHints":{"allow":["GET"]}}],"collection":[{"href":"http:\/\/www.velehrad.org.uk\/index.php?rest_route=\/wp\/v2\/posts"}],"about":[{"href":"http:\/\/www.velehrad.org.uk\/index.php?rest_route=\/wp\/v2\/types\/post"}],"author":[{"embeddable":true,"href":"http:\/\/www.velehrad.org.uk\/index.php?rest_route=\/wp\/v2\/users\/1"}],"replies":[{"embeddable":true,"href":"http:\/\/www.velehrad.org.uk\/index.php?rest_route=%2Fwp%2Fv2%2Fcomments&post=7271"}],"version-history":[{"count":2,"href":"http:\/\/www.velehrad.org.uk\/index.php?rest_route=\/wp\/v2\/posts\/7271\/revisions"}],"predecessor-version":[{"id":7532,"href":"http:\/\/www.velehrad.org.uk\/index.php?rest_route=\/wp\/v2\/posts\/7271\/revisions\/7532"}],"wp:featuredmedia":[{"embeddable":true,"href":"http:\/\/www.velehrad.org.uk\/index.php?rest_route=\/wp\/v2\/media\/7272"}],"wp:attachment":[{"href":"http:\/\/www.velehrad.org.uk\/index.php?rest_route=%2Fwp%2Fv2%2Fmedia&parent=7271"}],"wp:term":[{"taxonomy":"category","embeddable":true,"href":"http:\/\/www.velehrad.org.uk\/index.php?rest_route=%2Fwp%2Fv2%2Fcategories&post=7271"},{"taxonomy":"post_tag","embeddable":true,"href":"http:\/\/www.velehrad.org.uk\/index.php?rest_route=%2Fwp%2Fv2%2Ftags&post=7271"}],"curies":[{"name":"wp","href":"https:\/\/api.w.org\/{rel}","templated":true}]}}