{"id":7286,"date":"2019-01-03T11:27:36","date_gmt":"2019-01-03T09:27:36","guid":{"rendered":"http:\/\/www.velehrad.org.uk\/?p=7286"},"modified":"2019-03-03T18:57:00","modified_gmt":"2019-03-03T16:57:00","slug":"z-navstevy-pana-biskupa-maleho","status":"publish","type":"post","link":"http:\/\/www.velehrad.org.uk\/?p=7286","title":{"rendered":"Z n\u00e1v\u0161t\u011bvy pana biskupa Mal\u00e9ho"},"content":{"rendered":"<p><a href=\"http:\/\/www.velehrad.org.uk\/wp-content\/uploads\/2019\/01\/unnamed-4.jpg\"><img loading=\"lazy\" decoding=\"async\" class=\"alignnone size-medium wp-image-7287\" src=\"http:\/\/www.velehrad.org.uk\/wp-content\/uploads\/2019\/01\/unnamed-4-300x225.jpg\" alt=\"\" width=\"300\" height=\"225\" srcset=\"http:\/\/www.velehrad.org.uk\/wp-content\/uploads\/2019\/01\/unnamed-4-300x225.jpg 300w, http:\/\/www.velehrad.org.uk\/wp-content\/uploads\/2019\/01\/unnamed-4-768x576.jpg 768w, http:\/\/www.velehrad.org.uk\/wp-content\/uploads\/2019\/01\/unnamed-4-644x483.jpg 644w, http:\/\/www.velehrad.org.uk\/wp-content\/uploads\/2019\/01\/unnamed-4.jpg 1280w\" sizes=\"auto, (max-width: 300px) 100vw, 300px\" \/><\/a><a href=\"http:\/\/www.velehrad.org.uk\/wp-content\/uploads\/2019\/01\/unnamed-3.jpg\"><img loading=\"lazy\" decoding=\"async\" class=\"alignnone size-medium wp-image-7288\" src=\"http:\/\/www.velehrad.org.uk\/wp-content\/uploads\/2019\/01\/unnamed-3-300x225.jpg\" alt=\"\" width=\"300\" height=\"225\" srcset=\"http:\/\/www.velehrad.org.uk\/wp-content\/uploads\/2019\/01\/unnamed-3-300x225.jpg 300w, http:\/\/www.velehrad.org.uk\/wp-content\/uploads\/2019\/01\/unnamed-3-768x576.jpg 768w, http:\/\/www.velehrad.org.uk\/wp-content\/uploads\/2019\/01\/unnamed-3-644x483.jpg 644w, http:\/\/www.velehrad.org.uk\/wp-content\/uploads\/2019\/01\/unnamed-3.jpg 1280w\" sizes=\"auto, (max-width: 300px) 100vw, 300px\" \/><\/a> <a href=\"http:\/\/www.velehrad.org.uk\/wp-content\/uploads\/2019\/01\/unnamed-2.jpg\"><img loading=\"lazy\" decoding=\"async\" class=\"alignnone size-medium wp-image-7289\" src=\"http:\/\/www.velehrad.org.uk\/wp-content\/uploads\/2019\/01\/unnamed-2-300x225.jpg\" alt=\"\" width=\"300\" height=\"225\" srcset=\"http:\/\/www.velehrad.org.uk\/wp-content\/uploads\/2019\/01\/unnamed-2-300x225.jpg 300w, http:\/\/www.velehrad.org.uk\/wp-content\/uploads\/2019\/01\/unnamed-2-768x576.jpg 768w, http:\/\/www.velehrad.org.uk\/wp-content\/uploads\/2019\/01\/unnamed-2-644x483.jpg 644w, http:\/\/www.velehrad.org.uk\/wp-content\/uploads\/2019\/01\/unnamed-2.jpg 1280w\" sizes=\"auto, (max-width: 300px) 100vw, 300px\" \/><\/a> <a href=\"http:\/\/www.velehrad.org.uk\/wp-content\/uploads\/2019\/01\/unnamed-1.jpg\"><img loading=\"lazy\" decoding=\"async\" class=\"alignnone size-medium wp-image-7290\" src=\"http:\/\/www.velehrad.org.uk\/wp-content\/uploads\/2019\/01\/unnamed-1-300x225.jpg\" alt=\"\" width=\"300\" height=\"225\" srcset=\"http:\/\/www.velehrad.org.uk\/wp-content\/uploads\/2019\/01\/unnamed-1-300x225.jpg 300w, http:\/\/www.velehrad.org.uk\/wp-content\/uploads\/2019\/01\/unnamed-1-768x576.jpg 768w, http:\/\/www.velehrad.org.uk\/wp-content\/uploads\/2019\/01\/unnamed-1-644x483.jpg 644w, http:\/\/www.velehrad.org.uk\/wp-content\/uploads\/2019\/01\/unnamed-1.jpg 1280w\" sizes=\"auto, (max-width: 300px) 100vw, 300px\" \/><\/a> <a href=\"http:\/\/www.velehrad.org.uk\/wp-content\/uploads\/2019\/01\/unnamed.jpg\"><img loading=\"lazy\" decoding=\"async\" class=\"alignnone size-medium wp-image-7291\" src=\"http:\/\/www.velehrad.org.uk\/wp-content\/uploads\/2019\/01\/unnamed-300x225.jpg\" alt=\"\" width=\"300\" height=\"225\" srcset=\"http:\/\/www.velehrad.org.uk\/wp-content\/uploads\/2019\/01\/unnamed-300x225.jpg 300w, http:\/\/www.velehrad.org.uk\/wp-content\/uploads\/2019\/01\/unnamed-768x576.jpg 768w, http:\/\/www.velehrad.org.uk\/wp-content\/uploads\/2019\/01\/unnamed-644x483.jpg 644w, http:\/\/www.velehrad.org.uk\/wp-content\/uploads\/2019\/01\/unnamed.jpg 1280w\" sizes=\"auto, (max-width: 300px) 100vw, 300px\" \/><\/a><\/p>\n","protected":false},"excerpt":{"rendered":"<p>Fotografie z n\u00e1v\u0161t\u011bvy pana biskupa Mal\u00e9ho, kter\u00fd 9.12. p\u0159ijel na Velehrad a slou\u017eil m\u0161i svatou.  <a class=\"read-more-link\" href=\"http:\/\/www.velehrad.org.uk\/?p=7286\">\u010ct\u011bte v\u00edce<\/a><\/p>\n","protected":false},"author":1,"featured_media":7288,"comment_status":"closed","ping_status":"closed","sticky":false,"template":"","format":"standard","meta":{"ngg_post_thumbnail":0,"footnotes":""},"categories":[1,20],"tags":[],"class_list":["post-7286","post","type-post","status-publish","format-standard","has-post-thumbnail","hentry","category-akce-velehradu","category-novinky"],"post_mailing_queue_ids":[],"_links":{"self":[{"href":"http:\/\/www.velehrad.org.uk\/index.php?rest_route=\/wp\/v2\/posts\/7286","targetHints":{"allow":["GET"]}}],"collection":[{"href":"http:\/\/www.velehrad.org.uk\/index.php?rest_route=\/wp\/v2\/posts"}],"about":[{"href":"http:\/\/www.velehrad.org.uk\/index.php?rest_route=\/wp\/v2\/types\/post"}],"author":[{"embeddable":true,"href":"http:\/\/www.velehrad.org.uk\/index.php?rest_route=\/wp\/v2\/users\/1"}],"replies":[{"embeddable":true,"href":"http:\/\/www.velehrad.org.uk\/index.php?rest_route=%2Fwp%2Fv2%2Fcomments&post=7286"}],"version-history":[{"count":3,"href":"http:\/\/www.velehrad.org.uk\/index.php?rest_route=\/wp\/v2\/posts\/7286\/revisions"}],"predecessor-version":[{"id":7534,"href":"http:\/\/www.velehrad.org.uk\/index.php?rest_route=\/wp\/v2\/posts\/7286\/revisions\/7534"}],"wp:featuredmedia":[{"embeddable":true,"href":"http:\/\/www.velehrad.org.uk\/index.php?rest_route=\/wp\/v2\/media\/7288"}],"wp:attachment":[{"href":"http:\/\/www.velehrad.org.uk\/index.php?rest_route=%2Fwp%2Fv2%2Fmedia&parent=7286"}],"wp:term":[{"taxonomy":"category","embeddable":true,"href":"http:\/\/www.velehrad.org.uk\/index.php?rest_route=%2Fwp%2Fv2%2Fcategories&post=7286"},{"taxonomy":"post_tag","embeddable":true,"href":"http:\/\/www.velehrad.org.uk\/index.php?rest_route=%2Fwp%2Fv2%2Ftags&post=7286"}],"curies":[{"name":"wp","href":"https:\/\/api.w.org\/{rel}","templated":true}]}}