{"id":7309,"date":"2019-01-25T11:37:25","date_gmt":"2019-01-25T09:37:25","guid":{"rendered":"http:\/\/www.velehrad.org.uk\/?p=7309"},"modified":"2019-03-03T18:56:34","modified_gmt":"2019-03-03T16:56:34","slug":"mse-na-velehrade-v-nedeli-6-ledna-ve-14-hodin","status":"publish","type":"post","link":"http:\/\/www.velehrad.org.uk\/?p=7309","title":{"rendered":"M\u0160E NA VELEHRAD\u011a, 10. \u00daNORA VE 14 HODIN"},"content":{"rendered":"<p style=\"text-align: center;\">Spr\u00e1vn\u00ed rada lond\u00fdnsk\u00e9ho Velehradu V\u00e1s srde\u010dn\u011b zve na<\/p>\n<p style=\"text-align: center;\"><strong>M\u0160I SVATOU<\/strong><\/p>\n<p style=\"text-align: center;\">kterou bude slou\u017eit P. Tom\u00e1\u0161 Roule<\/p>\n<p style=\"text-align: center;\"><em><strong>V\u00a0ned\u011bli 10. \u00fanora ve 14.00 hodin<\/strong><\/em><\/p>\n<p style=\"text-align: center;\">V Espinosa s\u00e1le na VELEHRAD\u011a<\/p>\n<p style=\"text-align: center;\">39 Lonsdale Rd., Barnes, London SW13 9JP<br \/>\nInstrukce pro nov\u00e9 hosty: http:\/\/www.velehrad.org.uk\/?page_id=17<\/p>\n<p style=\"text-align: center;\">P\u0159ij\u010fte a p\u0159ive\u010fte sv\u00e9 zn\u00e1m\u00e9.<\/p>\n<p style=\"text-align: center;\">Info. Ludmila St\u00e1n\u011b: ludmilastane@gmail.com or mob: 07468 570551<\/p>\n<p style=\"text-align: center;\">Biskup V\u00e1clav Mal\u00fd, zodpov\u011bdn\u00fd za pastora\u010dn\u00ed p\u00e9\u010di o \u010desk\u00e9 katol\u00edky v cizin\u011b, n\u00e1s<br \/>\ninformoval, \u017ee od \u0159\u00edjna 2018 mohou b\u00fdt na lond\u00fdnsk\u00e9m Velehrad\u011b slou\u017eeny jednou<br \/>\nm\u011bs\u00ed\u010dn\u011b \u010desk\u00e9 m\u0161e svat\u00e9.<\/p>\n<p style=\"text-align: center;\"><strong>M\u0161e v roce 2018 v ned\u011bli v\u017edy ve 14 hodin:<\/strong><br \/>\n<strong>7.10.<\/strong> &#8211; P. Tom\u00e1\u0161 Roule &#8211; (Svatov\u00e1clavsk\u00e1)<br \/>\n<strong>4.11.<\/strong> &#8211; . Ji\u0159\u00ed Z\u00e1me\u010dn\u00edk<br \/>\n<strong>9.12.<\/strong>\u00a0&#8211; Mons. V\u00e1clav Mal\u00fd, Sv\u011bt\u00edc\u00ed biskup pra\u017esk\u00fd &#8211; (Mikul\u00e1\u0161sk\u00e1).<\/p>\n<p style=\"text-align: center;\"><strong>M\u0161e v roce 2019 v ned\u011bli v\u017edy ve 14 hodin:<\/strong><br \/>\n<strong>6.1.<\/strong> &#8211; P. Ji\u0159\u00ed Z\u00e1me\u010dn\u00edk<br \/>\n<strong>10.2.<\/strong> &#8211; P. Tom\u00e1\u0161 Roule<\/p>\n<p style=\"text-align: center;\"><em>10.3.2019, 7.4.2019, 5.5.2019, 9.6.2019<\/em><\/p>\n","protected":false},"excerpt":{"rendered":"<p>Spr\u00e1vn\u00ed rada lond\u00fdnsk\u00e9ho Velehradu V\u00e1s srde\u010dn\u011b zve na m\u0161i svatou v\u00a0ned\u011bli 10. \u00fanora ve 14.00 hodin. <a class=\"read-more-link\" href=\"http:\/\/www.velehrad.org.uk\/?p=7309\">\u010ct\u011bte v\u00edce<\/a><\/p>\n","protected":false},"author":1,"featured_media":7391,"comment_status":"closed","ping_status":"closed","sticky":false,"template":"","format":"standard","meta":{"ngg_post_thumbnail":0,"footnotes":""},"categories":[1,20],"tags":[],"class_list":["post-7309","post","type-post","status-publish","format-standard","has-post-thumbnail","hentry","category-akce-velehradu","category-novinky"],"post_mailing_queue_ids":[],"_links":{"self":[{"href":"http:\/\/www.velehrad.org.uk\/index.php?rest_route=\/wp\/v2\/posts\/7309","targetHints":{"allow":["GET"]}}],"collection":[{"href":"http:\/\/www.velehrad.org.uk\/index.php?rest_route=\/wp\/v2\/posts"}],"about":[{"href":"http:\/\/www.velehrad.org.uk\/index.php?rest_route=\/wp\/v2\/types\/post"}],"author":[{"embeddable":true,"href":"http:\/\/www.velehrad.org.uk\/index.php?rest_route=\/wp\/v2\/users\/1"}],"replies":[{"embeddable":true,"href":"http:\/\/www.velehrad.org.uk\/index.php?rest_route=%2Fwp%2Fv2%2Fcomments&post=7309"}],"version-history":[{"count":4,"href":"http:\/\/www.velehrad.org.uk\/index.php?rest_route=\/wp\/v2\/posts\/7309\/revisions"}],"predecessor-version":[{"id":7494,"href":"http:\/\/www.velehrad.org.uk\/index.php?rest_route=\/wp\/v2\/posts\/7309\/revisions\/7494"}],"wp:featuredmedia":[{"embeddable":true,"href":"http:\/\/www.velehrad.org.uk\/index.php?rest_route=\/wp\/v2\/media\/7391"}],"wp:attachment":[{"href":"http:\/\/www.velehrad.org.uk\/index.php?rest_route=%2Fwp%2Fv2%2Fmedia&parent=7309"}],"wp:term":[{"taxonomy":"category","embeddable":true,"href":"http:\/\/www.velehrad.org.uk\/index.php?rest_route=%2Fwp%2Fv2%2Fcategories&post=7309"},{"taxonomy":"post_tag","embeddable":true,"href":"http:\/\/www.velehrad.org.uk\/index.php?rest_route=%2Fwp%2Fv2%2Ftags&post=7309"}],"curies":[{"name":"wp","href":"https:\/\/api.w.org\/{rel}","templated":true}]}}