{"id":7311,"date":"2019-01-24T11:40:00","date_gmt":"2019-01-24T09:40:00","guid":{"rendered":"http:\/\/www.velehrad.org.uk\/?p=7311"},"modified":"2019-02-20T17:28:30","modified_gmt":"2019-02-20T15:28:30","slug":"koncert-smatanova-klavirniho-tria-1-unora-2019-v-19-30-na-velehrade","status":"publish","type":"post","link":"http:\/\/www.velehrad.org.uk\/?p=7311","title":{"rendered":"KONCERT SMATANOVA KLAV\u00cdRN\u00cdHO TRIA 1. \u00daNORA 2019 V 19.30 NA VELEHRAD\u011a"},"content":{"rendered":"<p style=\"text-align: center;\"><em>The Trustees of Velehrad London invite you to<\/em><\/p>\n<p style=\"text-align: center;\"><em>A concert given by the award-winning Czech<\/em><\/p>\n<p>&nbsp;<\/p>\n<p style=\"text-align: center;\"><strong><em>&nbsp;<\/em><\/strong><strong><em>SMETANA PIANO TRIO<\/em><\/strong><\/p>\n<p>&nbsp;<\/p>\n<p style=\"text-align: center;\"><strong><em>Jitka \u010cechov\u00e1 \u2013 piano<\/em><\/strong><\/p>\n<p style=\"text-align: center;\"><strong><em> Radim Kresta &#8211; violin<\/em><\/strong><\/p>\n<p style=\"text-align: center;\"><strong><em>Jan P\u00e1len\u00ed\u010dek \u2013 cello<\/em><\/strong><\/p>\n<p style=\"text-align: center;\"><strong><em>&nbsp;<\/em><\/strong><\/p>\n<p style=\"text-align: center;\"><strong><em>on Friday 1<sup>st<\/sup> February 2019 at 7.30pm<\/em><\/strong><\/p>\n<p style=\"text-align: center;\"><strong><em>at Velehrad, <\/em><\/strong><\/p>\n<p style=\"text-align: center;\"><strong><em>39 Lonsdale Road, London SW13 9JP<\/em><\/strong><\/p>\n<p style=\"text-align: center;\">&nbsp;<\/p>\n<p style=\"text-align: center;\"><strong>PROGRAMME:<\/strong><\/p>\n<p style=\"text-align: center;\"><strong>&nbsp;<\/strong><\/p>\n<p style=\"text-align: center;\"><strong>Sergey Rachmaninoff Trio elegico in G minor, No. 1<\/strong><\/p>\n<p style=\"text-align: center;\"><strong>&nbsp;<\/strong><\/p>\n<p style=\"text-align: center;\"><strong>Bohuslav Martin\u016f&nbsp;&nbsp;&nbsp;&nbsp;&nbsp;&nbsp;&nbsp;&nbsp; Piano Trio Bergerettes H. 275<\/strong><\/p>\n<h2 style=\"text-align: center;\">&nbsp;<\/h2>\n<p style=\"text-align: center;\"><strong>Antonin Dvorak &nbsp;&nbsp;&nbsp;&nbsp;&nbsp;&nbsp;&nbsp;&nbsp;&nbsp;&nbsp; &nbsp;&nbsp;&nbsp;&nbsp;&nbsp;&nbsp;&nbsp;&nbsp;&nbsp;Piano Trio in F-Minor op. 65<\/strong><\/p>\n<p style=\"text-align: center;\">&nbsp;<\/p>\n<p style=\"text-align: center;\">&nbsp;<\/p>\n<p style=\"text-align: center;\"><strong><em>Tickets \u00a310 to pay at the door.<\/em><\/strong><\/p>\n<p style=\"text-align: center;\"><strong><em>Please reserve tickets at <\/em><\/strong><a href=\"mailto:ludmilastane@gmail.com\"><strong><em>ludmilastane@gmail.com<\/em><\/strong><\/a><strong><em> or text 07468 570551<\/em><\/strong><\/p>\n","protected":false},"excerpt":{"rendered":"<p>Zveme V\u00e1s na koncert Smetanova tria v p\u00e1tek 1. \u00fanora v 7.30pm.  <a class=\"read-more-link\" href=\"http:\/\/www.velehrad.org.uk\/?p=7311\">\u010ct\u011bte v\u00edce<\/a><\/p>\n","protected":false},"author":1,"featured_media":7350,"comment_status":"closed","ping_status":"closed","sticky":false,"template":"","format":"standard","meta":{"ngg_post_thumbnail":0,"footnotes":""},"categories":[1,20],"tags":[],"class_list":["post-7311","post","type-post","status-publish","format-standard","has-post-thumbnail","hentry","category-akce-velehradu","category-novinky"],"post_mailing_queue_ids":[],"_links":{"self":[{"href":"http:\/\/www.velehrad.org.uk\/index.php?rest_route=\/wp\/v2\/posts\/7311","targetHints":{"allow":["GET"]}}],"collection":[{"href":"http:\/\/www.velehrad.org.uk\/index.php?rest_route=\/wp\/v2\/posts"}],"about":[{"href":"http:\/\/www.velehrad.org.uk\/index.php?rest_route=\/wp\/v2\/types\/post"}],"author":[{"embeddable":true,"href":"http:\/\/www.velehrad.org.uk\/index.php?rest_route=\/wp\/v2\/users\/1"}],"replies":[{"embeddable":true,"href":"http:\/\/www.velehrad.org.uk\/index.php?rest_route=%2Fwp%2Fv2%2Fcomments&post=7311"}],"version-history":[{"count":2,"href":"http:\/\/www.velehrad.org.uk\/index.php?rest_route=\/wp\/v2\/posts\/7311\/revisions"}],"predecessor-version":[{"id":7497,"href":"http:\/\/www.velehrad.org.uk\/index.php?rest_route=\/wp\/v2\/posts\/7311\/revisions\/7497"}],"wp:featuredmedia":[{"embeddable":true,"href":"http:\/\/www.velehrad.org.uk\/index.php?rest_route=\/wp\/v2\/media\/7350"}],"wp:attachment":[{"href":"http:\/\/www.velehrad.org.uk\/index.php?rest_route=%2Fwp%2Fv2%2Fmedia&parent=7311"}],"wp:term":[{"taxonomy":"category","embeddable":true,"href":"http:\/\/www.velehrad.org.uk\/index.php?rest_route=%2Fwp%2Fv2%2Fcategories&post=7311"},{"taxonomy":"post_tag","embeddable":true,"href":"http:\/\/www.velehrad.org.uk\/index.php?rest_route=%2Fwp%2Fv2%2Ftags&post=7311"}],"curies":[{"name":"wp","href":"https:\/\/api.w.org\/{rel}","templated":true}]}}