{"id":7319,"date":"2019-01-03T19:02:21","date_gmt":"2019-01-03T17:02:21","guid":{"rendered":"http:\/\/www.velehrad.org.uk\/?p=7319"},"modified":"2019-03-03T21:44:10","modified_gmt":"2019-03-03T19:44:10","slug":"pietni-ucteni-50-vyroci-obeti-jana-palacha-19-1-v-15-hodin-na-velehrade","status":"publish","type":"post","link":"http:\/\/www.velehrad.org.uk\/?p=7319","title":{"rendered":"Pietn\u00ed uct\u011bn\u00ed 50. v\u00fdro\u010d\u00ed ob\u011bti Jana Palacha v sobotu 19. ledna v 15 hodin na Velehrad\u011b"},"content":{"rendered":"<p style=\"text-align: center;\">Spr\u00e1vn\u00ed rada lond\u00fdnsk\u00e9ho Velehradu a Velvyslanectv\u00ed \u010cesk\u00e9 republiky<\/p>\n<p style=\"text-align: center;\">v Lond\u00fdn\u011b<\/p>\n<p style=\"text-align: center;\">srde\u010dn\u011b zvou na:<\/p>\n<p style=\"text-align: center;\"><strong>Pietn\u00ed uct\u011bn\u00ed 50. v\u00fdro\u010d\u00ed ob\u011bti Jana Palacha<\/strong><\/p>\n<p style=\"text-align: center;\"><strong>v sobotu 19. ledna 2019 v 15 hodin<\/strong><br \/>\np\u0159ed jeho pomn\u00edkem v zahrad\u011b lond\u00fdnsk\u00e9ho Velehradu,<br \/>\n39 Lonsdale Rd., London SW13 9JP<\/p>\n<p style=\"text-align: center;\">za \u00fa\u010dasti JE velvyslance Libora Se\u010dky a dal\u0161\u00edch \u010destn\u00fdch host\u00ed.<br \/>\nPo pietn\u00edm aktu n\u00e1sleduje beseda o ud\u00e1lostech roku 1969,<br \/>\nkterou bude moderovat \u010desk\u00fd \u017eurnalista Josef Pazderka.<\/p>\n<p style=\"text-align: center;\">Od 16.15 prom\u00edtneme nov\u00fd film Jan Palach re\u017eis\u00e9ra Roberta Sedl\u00e1\u010dka,<\/p>\n<p style=\"text-align: center;\">po kter\u00e9m bude n\u00e1sledovat ob\u010derstven\u00ed.<\/p>\n<p style=\"text-align: center;\">Nejbli\u017e\u0161\u00ed metro Hammersmith a pak bus 419, 33, 72, 208<br \/>\nPros\u00edm, p\u0159ihlaste se p\u0159edem na email ludmilastane@gmail.com<\/p>\n<p style=\"text-align: center;\">nebo sms na 07468 570551<\/p>\n","protected":false},"excerpt":{"rendered":"<p>Spr\u00e1vn\u00ed rada lond\u00fdnsk\u00e9ho Velehradu a Velvyslanectv\u00ed \u010cesk\u00e9 republiky v Lond\u00fdn\u011b srde\u010dn\u011b zvou na Pietn\u00ed uct\u011bn\u00ed 50. v\u00fdro\u010d\u00ed ob\u011bti Jana Palacha v sobotu 19. ledna 2019 v 15.00.  <a class=\"read-more-link\" href=\"http:\/\/www.velehrad.org.uk\/?p=7319\">\u010ct\u011bte v\u00edce<\/a><\/p>\n","protected":false},"author":1,"featured_media":7320,"comment_status":"closed","ping_status":"closed","sticky":false,"template":"","format":"standard","meta":{"ngg_post_thumbnail":0,"footnotes":""},"categories":[1,20],"tags":[],"class_list":["post-7319","post","type-post","status-publish","format-standard","has-post-thumbnail","hentry","category-akce-velehradu","category-novinky"],"post_mailing_queue_ids":[],"_links":{"self":[{"href":"http:\/\/www.velehrad.org.uk\/index.php?rest_route=\/wp\/v2\/posts\/7319","targetHints":{"allow":["GET"]}}],"collection":[{"href":"http:\/\/www.velehrad.org.uk\/index.php?rest_route=\/wp\/v2\/posts"}],"about":[{"href":"http:\/\/www.velehrad.org.uk\/index.php?rest_route=\/wp\/v2\/types\/post"}],"author":[{"embeddable":true,"href":"http:\/\/www.velehrad.org.uk\/index.php?rest_route=\/wp\/v2\/users\/1"}],"replies":[{"embeddable":true,"href":"http:\/\/www.velehrad.org.uk\/index.php?rest_route=%2Fwp%2Fv2%2Fcomments&post=7319"}],"version-history":[{"count":4,"href":"http:\/\/www.velehrad.org.uk\/index.php?rest_route=\/wp\/v2\/posts\/7319\/revisions"}],"predecessor-version":[{"id":7550,"href":"http:\/\/www.velehrad.org.uk\/index.php?rest_route=\/wp\/v2\/posts\/7319\/revisions\/7550"}],"wp:featuredmedia":[{"embeddable":true,"href":"http:\/\/www.velehrad.org.uk\/index.php?rest_route=\/wp\/v2\/media\/7320"}],"wp:attachment":[{"href":"http:\/\/www.velehrad.org.uk\/index.php?rest_route=%2Fwp%2Fv2%2Fmedia&parent=7319"}],"wp:term":[{"taxonomy":"category","embeddable":true,"href":"http:\/\/www.velehrad.org.uk\/index.php?rest_route=%2Fwp%2Fv2%2Fcategories&post=7319"},{"taxonomy":"post_tag","embeddable":true,"href":"http:\/\/www.velehrad.org.uk\/index.php?rest_route=%2Fwp%2Fv2%2Ftags&post=7319"}],"curies":[{"name":"wp","href":"https:\/\/api.w.org\/{rel}","templated":true}]}}