{"id":7323,"date":"2019-01-09T17:32:30","date_gmt":"2019-01-09T15:32:30","guid":{"rendered":"http:\/\/www.velehrad.org.uk\/?p=7323"},"modified":"2019-03-03T18:56:48","modified_gmt":"2019-03-03T16:56:48","slug":"nedelni-skolicka-zacina-zase-13-1","status":"publish","type":"post","link":"http:\/\/www.velehrad.org.uk\/?p=7323","title":{"rendered":"Ned\u011bln\u00ed \u0161koli\u010dka za\u010d\u00edn\u00e1 zase 13.1."},"content":{"rendered":"<p>Douf\u00e1me, \u017ee jste si u\u017eili V\u00e1noce. Na v\u0161echny d\u011bti a rodi\u010de se u\u017e t\u011b\u0161\u00edme op\u011bt tuto ned\u011bli, kdy se po pr\u00e1zdnin\u00e1ch otev\u0159ou dve\u0159e na\u0161\u00ed ned\u011bln\u00ed \u0161koli\u010dky.<\/p>\n<p><strong>DATA<\/strong><\/p>\n<p><strong>13.1. \u2013 10.2. (5\u00a0t\u00fddn\u016f):<\/strong>\u00a013.1., 20.1., 27.1., 3.2., 10.2.<\/p>\n<p><strong>Pr\u00e1zdniny:<\/strong> 17.2., 24.2.<\/p>\n<p><strong>3.3. \u2013 31.3. (5 t\u00fddn\u016f):<\/strong>\u00a03.3., 10.3., 17.3., 21.3., 31.3.<\/p>\n<p><strong>Pr\u00e1zdniny:<\/strong> 7.4., 14.4., 21.4.)<\/p>\n<p><strong>KROU\u017dKY PRO D\u011aTI<\/strong><\/p>\n<p><strong>V\u00fdtvarn\u00e1 d\u00edlna I (2-4 roky):<\/strong> 11.00-12.00<\/p>\n<p><strong>V\u00fdtvarn\u00e1 d\u00edlna II (4-7 rok\u016f):<\/strong> 12.00-13.00<\/p>\n<p><strong>Poh\u00e1dk\u00e1\u0159 (4-7 rok\u016f):<\/strong> 11.00-12.00<\/p>\n<p><strong>Herna (2-4 rok\u016f):<\/strong> 12.00-13.00<\/p>\n<p><strong>LEKCE PRO DOSP\u011aL\u00c9<\/strong><\/p>\n<p><strong>Za\u010d\u00e1te\u010dn\u00edci II:<\/strong> 11.00-12.00<\/p>\n<p><strong>M\u00edrn\u011b pokro\u010dil\u00ed II:<\/strong> 12.00-13.00<\/p>\n<p><strong>CENA<\/strong><\/p>\n<p><strong>1 krou\u017eek:<\/strong> \u00a320\/10 t\u00fddn\u016f<\/p>\n<p><strong>2 krou\u017eky:<\/strong> \u00a340\/10 t\u00fddn\u016f<\/p>\n<p><strong>Dosp\u011bl\u00ed:<\/strong> \u00a380\/10 t\u00fddn\u016f<\/p>\n<p><strong>Dosp\u011bl\u00ed drop-in:<\/strong> \u00a310\/den<\/p>\n<p>Pokud m\u00e1te jak\u00e9koliv dotazy, pros\u00edm kontaktujte Michaelu na info@czechlanguageclub.co.uk.<\/p>\n","protected":false},"excerpt":{"rendered":"<p>Douf\u00e1me, \u017ee jste si u\u017eili V\u00e1noce. Na v\u0161echny d\u011bti a rodi\u010de se u\u017e t\u011b\u0161\u00edme op\u011bt tuto ned\u011bli, kdy se po pr\u00e1zdnin\u00e1ch otev\u0159ou dve\u0159e na\u0161\u00ed ned\u011bln\u00ed \u0161koli\u010dky.\u00a0 <a class=\"read-more-link\" href=\"http:\/\/www.velehrad.org.uk\/?p=7323\">\u010ct\u011bte v\u00edce<\/a><\/p>\n","protected":false},"author":1,"featured_media":7324,"comment_status":"closed","ping_status":"closed","sticky":false,"template":"","format":"standard","meta":{"ngg_post_thumbnail":0,"footnotes":""},"categories":[1,20],"tags":[],"class_list":["post-7323","post","type-post","status-publish","format-standard","has-post-thumbnail","hentry","category-akce-velehradu","category-novinky"],"post_mailing_queue_ids":[],"_links":{"self":[{"href":"http:\/\/www.velehrad.org.uk\/index.php?rest_route=\/wp\/v2\/posts\/7323","targetHints":{"allow":["GET"]}}],"collection":[{"href":"http:\/\/www.velehrad.org.uk\/index.php?rest_route=\/wp\/v2\/posts"}],"about":[{"href":"http:\/\/www.velehrad.org.uk\/index.php?rest_route=\/wp\/v2\/types\/post"}],"author":[{"embeddable":true,"href":"http:\/\/www.velehrad.org.uk\/index.php?rest_route=\/wp\/v2\/users\/1"}],"replies":[{"embeddable":true,"href":"http:\/\/www.velehrad.org.uk\/index.php?rest_route=%2Fwp%2Fv2%2Fcomments&post=7323"}],"version-history":[{"count":2,"href":"http:\/\/www.velehrad.org.uk\/index.php?rest_route=\/wp\/v2\/posts\/7323\/revisions"}],"predecessor-version":[{"id":7498,"href":"http:\/\/www.velehrad.org.uk\/index.php?rest_route=\/wp\/v2\/posts\/7323\/revisions\/7498"}],"wp:featuredmedia":[{"embeddable":true,"href":"http:\/\/www.velehrad.org.uk\/index.php?rest_route=\/wp\/v2\/media\/7324"}],"wp:attachment":[{"href":"http:\/\/www.velehrad.org.uk\/index.php?rest_route=%2Fwp%2Fv2%2Fmedia&parent=7323"}],"wp:term":[{"taxonomy":"category","embeddable":true,"href":"http:\/\/www.velehrad.org.uk\/index.php?rest_route=%2Fwp%2Fv2%2Fcategories&post=7323"},{"taxonomy":"post_tag","embeddable":true,"href":"http:\/\/www.velehrad.org.uk\/index.php?rest_route=%2Fwp%2Fv2%2Ftags&post=7323"}],"curies":[{"name":"wp","href":"https:\/\/api.w.org\/{rel}","templated":true}]}}