{"id":7342,"date":"2019-01-26T17:55:47","date_gmt":"2019-01-26T15:55:47","guid":{"rendered":"http:\/\/www.velehrad.org.uk\/?p=7342"},"modified":"2019-02-20T17:25:50","modified_gmt":"2019-02-20T15:25:50","slug":"fotografie-pietni-ucteni-50-vyroci-obeti-jana-palacha","status":"publish","type":"post","link":"http:\/\/www.velehrad.org.uk\/?p=7342","title":{"rendered":"Fotografie: Pietn\u00ed uct\u011bn\u00ed 50. v\u00fdro\u010d\u00ed ob\u011bti Jana Palacha"},"content":{"rendered":"<p style=\"text-align: left;\">V sobotu 19. ledna 2019 se na Velehrad\u011b konalo\u00a0<strong>Pietn\u00ed uct\u011bn\u00ed 50. v\u00fdro\u010d\u00ed ob\u011bti Jana Palacha. <\/strong>Akce prob\u00edhala za \u00fa\u010dasti pana velvyslance Libora Se\u010dky a dal\u0161\u00edch \u010destn\u00fdch host\u00ed.<br \/>\nPo pietn\u00edm aktu n\u00e1sledovala beseda o ud\u00e1lostech roku 1969 a prom\u00edt\u00e1n\u00ed filmu\u00a0Jan Palach re\u017eis\u00e9ra Roberta Sedl\u00e1\u010dka.<\/p>\n<p><a href=\"http:\/\/www.velehrad.org.uk\/wp-content\/uploads\/2019\/01\/IMG_3391-e1548518043679.jpg\"><img loading=\"lazy\" decoding=\"async\" class=\"alignnone size-medium wp-image-7346\" src=\"http:\/\/www.velehrad.org.uk\/wp-content\/uploads\/2019\/01\/IMG_3391-e1548518043679-225x300.jpg\" alt=\"\" width=\"225\" height=\"300\" srcset=\"http:\/\/www.velehrad.org.uk\/wp-content\/uploads\/2019\/01\/IMG_3391-e1548518043679-225x300.jpg 225w, http:\/\/www.velehrad.org.uk\/wp-content\/uploads\/2019\/01\/IMG_3391-e1548518043679.jpg 450w\" sizes=\"auto, (max-width: 225px) 100vw, 225px\" \/><\/a><\/p>\n<p><a href=\"http:\/\/www.velehrad.org.uk\/wp-content\/uploads\/2019\/01\/IMG_3396-e1548518034273.jpg\"><img loading=\"lazy\" decoding=\"async\" class=\"alignnone size-medium wp-image-7345\" src=\"http:\/\/www.velehrad.org.uk\/wp-content\/uploads\/2019\/01\/IMG_3396-e1548518034273-300x225.jpg\" alt=\"\" width=\"300\" height=\"225\" srcset=\"http:\/\/www.velehrad.org.uk\/wp-content\/uploads\/2019\/01\/IMG_3396-e1548518034273-300x225.jpg 300w, http:\/\/www.velehrad.org.uk\/wp-content\/uploads\/2019\/01\/IMG_3396-e1548518034273-768x576.jpg 768w, http:\/\/www.velehrad.org.uk\/wp-content\/uploads\/2019\/01\/IMG_3396-e1548518034273-644x483.jpg 644w\" sizes=\"auto, (max-width: 300px) 100vw, 300px\" \/><\/a><\/p>\n<p><a href=\"http:\/\/www.velehrad.org.uk\/wp-content\/uploads\/2019\/01\/IMG_3398-e1548518052501.jpg\"><img loading=\"lazy\" decoding=\"async\" class=\"alignnone size-medium wp-image-7344\" src=\"http:\/\/www.velehrad.org.uk\/wp-content\/uploads\/2019\/01\/IMG_3398-e1548518052501-300x225.jpg\" alt=\"\" width=\"300\" height=\"225\" srcset=\"http:\/\/www.velehrad.org.uk\/wp-content\/uploads\/2019\/01\/IMG_3398-e1548518052501-300x225.jpg 300w, http:\/\/www.velehrad.org.uk\/wp-content\/uploads\/2019\/01\/IMG_3398-e1548518052501-768x576.jpg 768w, http:\/\/www.velehrad.org.uk\/wp-content\/uploads\/2019\/01\/IMG_3398-e1548518052501-644x483.jpg 644w\" sizes=\"auto, (max-width: 300px) 100vw, 300px\" \/><\/a><\/p>\n<p><a href=\"http:\/\/www.velehrad.org.uk\/wp-content\/uploads\/2019\/01\/IMG_3401-e1548518067354.jpg\"><img loading=\"lazy\" decoding=\"async\" class=\"alignnone size-medium wp-image-7343\" src=\"http:\/\/www.velehrad.org.uk\/wp-content\/uploads\/2019\/01\/IMG_3401-e1548518067354-300x225.jpg\" alt=\"\" width=\"300\" height=\"225\" srcset=\"http:\/\/www.velehrad.org.uk\/wp-content\/uploads\/2019\/01\/IMG_3401-e1548518067354-300x225.jpg 300w, http:\/\/www.velehrad.org.uk\/wp-content\/uploads\/2019\/01\/IMG_3401-e1548518067354-768x576.jpg 768w, http:\/\/www.velehrad.org.uk\/wp-content\/uploads\/2019\/01\/IMG_3401-e1548518067354-644x483.jpg 644w\" sizes=\"auto, (max-width: 300px) 100vw, 300px\" \/><\/a><\/p>\n","protected":false},"excerpt":{"rendered":"<p>V sobotu 19. ledna 2019 se na Velehrad\u011b konalo\u00a0Pietn\u00ed uct\u011bn\u00ed 50. v\u00fdro\u010d\u00ed ob\u011bti Jana Palacha. P\u0159in\u00e1\u0161\u00edme V\u00e1m fotografie.  <a class=\"read-more-link\" href=\"http:\/\/www.velehrad.org.uk\/?p=7342\">\u010ct\u011bte v\u00edce<\/a><\/p>\n","protected":false},"author":1,"featured_media":7345,"comment_status":"closed","ping_status":"closed","sticky":false,"template":"","format":"standard","meta":{"ngg_post_thumbnail":0,"footnotes":""},"categories":[1,20],"tags":[],"class_list":["post-7342","post","type-post","status-publish","format-standard","has-post-thumbnail","hentry","category-akce-velehradu","category-novinky"],"post_mailing_queue_ids":[],"_links":{"self":[{"href":"http:\/\/www.velehrad.org.uk\/index.php?rest_route=\/wp\/v2\/posts\/7342","targetHints":{"allow":["GET"]}}],"collection":[{"href":"http:\/\/www.velehrad.org.uk\/index.php?rest_route=\/wp\/v2\/posts"}],"about":[{"href":"http:\/\/www.velehrad.org.uk\/index.php?rest_route=\/wp\/v2\/types\/post"}],"author":[{"embeddable":true,"href":"http:\/\/www.velehrad.org.uk\/index.php?rest_route=\/wp\/v2\/users\/1"}],"replies":[{"embeddable":true,"href":"http:\/\/www.velehrad.org.uk\/index.php?rest_route=%2Fwp%2Fv2%2Fcomments&post=7342"}],"version-history":[{"count":2,"href":"http:\/\/www.velehrad.org.uk\/index.php?rest_route=\/wp\/v2\/posts\/7342\/revisions"}],"predecessor-version":[{"id":7493,"href":"http:\/\/www.velehrad.org.uk\/index.php?rest_route=\/wp\/v2\/posts\/7342\/revisions\/7493"}],"wp:featuredmedia":[{"embeddable":true,"href":"http:\/\/www.velehrad.org.uk\/index.php?rest_route=\/wp\/v2\/media\/7345"}],"wp:attachment":[{"href":"http:\/\/www.velehrad.org.uk\/index.php?rest_route=%2Fwp%2Fv2%2Fmedia&parent=7342"}],"wp:term":[{"taxonomy":"category","embeddable":true,"href":"http:\/\/www.velehrad.org.uk\/index.php?rest_route=%2Fwp%2Fv2%2Fcategories&post=7342"},{"taxonomy":"post_tag","embeddable":true,"href":"http:\/\/www.velehrad.org.uk\/index.php?rest_route=%2Fwp%2Fv2%2Ftags&post=7342"}],"curies":[{"name":"wp","href":"https:\/\/api.w.org\/{rel}","templated":true}]}}