{"id":7365,"date":"2019-02-06T20:13:51","date_gmt":"2019-02-06T18:13:51","guid":{"rendered":"http:\/\/www.velehrad.org.uk\/?p=7365"},"modified":"2019-02-20T17:24:44","modified_gmt":"2019-02-20T15:24:44","slug":"pozvanka-uvod-do-krestanske-meditace","status":"publish","type":"post","link":"http:\/\/www.velehrad.org.uk\/?p=7365","title":{"rendered":"Pozv\u00e1nka: \u00davod do k\u0159es\u0165a\u0148sk\u00e9 meditace 8. \u00fanora v 19 hodin"},"content":{"rendered":"<p style=\"font-weight: 400; text-align: center;\">V\u00e1\u017een\u00ed p\u0159\u00e1tel\u00e9, srde\u010dn\u011b v\u00e1s zveme na p\u0159edn\u00e1\u0161ku Mgr. Vladim\u00edra Volr\u00e1ba DiS<\/p>\n<p style=\"font-weight: 400; text-align: center;\"><strong>\u00a0<\/strong><\/p>\n<p style=\"font-weight: 400; text-align: center;\"><strong>\u201c\u00davod do k\u0159es\u0165ansk\u00e9 meditace\u201d<\/strong><\/p>\n<p style=\"font-weight: 400; text-align: center;\"><strong>\u00a0<\/strong><\/p>\n<p style=\"font-weight: 400; text-align: center;\"><strong>v p<\/strong><strong>\u00e1tek \u00a08.\u00fanora 2019 v\u00a07.00pm<\/strong><\/p>\n<p style=\"font-weight: 400; text-align: center;\"><strong>v Espinosa s\u00e1le na VELEHRAD\u011a<br \/>\n39 Lonsdale Rd., Barnes, London SW13 9JP<br \/>\n<\/strong><em>Instrukce pro nov\u00e9 hosty:\u00a0<a href=\"http:\/\/www.velehrad.org.uk\/?page_id=17\" data-saferedirecturl=\"https:\/\/www.google.com\/url?q=http:\/\/www.velehrad.org.uk\/?page_id%3D17&amp;source=gmail&amp;ust=1549393572548000&amp;usg=AFQjCNFCe_5Xwu3oBLUtZ7U9z7ZgqYCb5w\">http:\/\/www.velehrad.org.uk\/?page_id=17<\/a><\/em><\/p>\n<p style=\"font-weight: 400; text-align: center;\">Tradice k\u0159es\u0165ansk\u00e9 meditace m\u00e1 ko\u0159eny ji\u017e v ran\u00fdch dob\u00e1ch c\u00edrkve, ale i dnes m\u016f\u017ee p\u0159in\u00e9st stabilitu do sou\u010dasn\u00e9 polarizovan\u00e9 a nestabiln\u00ed spole\u010dnosti. Jej\u00ed odpov\u011bd\u00ed na neklid je pozv\u00e1n\u00ed na cestu kontemplativn\u00ed zku\u0161enosti, kter\u00e1 je v hloubce ka\u017ed\u00e9ho \u010dlov\u011bka. Ta p\u0159ekon\u00e1v\u00e1 a l\u00e9\u010d\u00ed r\u00e1ny rozd\u011blen\u00ed, p\u0159in\u00e1\u0161\u00ed vnit\u0159n\u00ed m\u00edr. Sou\u010d\u00e1st\u00ed ve\u010dera bude medita\u010dn\u00ed praxe.<\/p>\n<p style=\"font-weight: 400; text-align: center;\">\n<p style=\"font-weight: 400; text-align: center;\"><strong><em>Mgr. Vladim\u00edr Volr\u00e1b DiS.<\/em><\/strong>\u00a0<em>je<\/em>\u00a0<em>far\u00e1\u0159 a vik\u00e1\u0159 C\u00edrkve \u010ds. husitsk\u00e9, student doktorsk\u00e9ho programu na HTF UK, u\u010ditel a\u00a0<strong>n\u00e1rodn\u00ed koordin\u00e1tor Sv\u011btov\u00e9 spole\u010denstv\u00ed pro k\u0159es\u0165anskou meditaci v \u010cesk\u00e9 republice<\/strong><\/em><em>.<\/em><\/p>\n<p style=\"font-weight: 400; text-align: center;\"><strong><em>P\u0159ij\u010fte a p\u0159ive\u010fte sv\u00e9 zn\u00e1m\u00e9.<br \/>\n<\/em><\/strong><em>Info. Ludmila St\u00e1n\u011b:\u00a0<a href=\"http:\/\/ludmilastane@gmail.com\/\" data-saferedirecturl=\"https:\/\/www.google.com\/url?q=http:\/\/ludmilastane@gmail.com&amp;source=gmail&amp;ust=1549393572548000&amp;usg=AFQjCNE8SpOR7ihHv34QBsDIYcIxI6235Q\">ludmilastane@gmail.com<\/a>\u00a0or mob:07468 570551<\/em><strong><em><br \/>\n<\/em><\/strong><\/p>\n","protected":false},"excerpt":{"rendered":"<p>Srde\u010dn\u011b V\u00e1s zveme na p\u0159edn\u00e1\u0161ku Mgr. Vladim\u00edra Volr\u00e1ba DiS \u201c\u00davod do k\u0159es\u0165ansk\u00e9 meditace\u201d v p\u00e1tek 8. \u00fanora 2019 v\u00a07.00pm. <a class=\"read-more-link\" href=\"http:\/\/www.velehrad.org.uk\/?p=7365\">\u010ct\u011bte v\u00edce<\/a><\/p>\n","protected":false},"author":1,"featured_media":7366,"comment_status":"closed","ping_status":"closed","sticky":false,"template":"","format":"standard","meta":{"ngg_post_thumbnail":0,"footnotes":""},"categories":[1,20],"tags":[],"class_list":["post-7365","post","type-post","status-publish","format-standard","has-post-thumbnail","hentry","category-akce-velehradu","category-novinky"],"post_mailing_queue_ids":[],"_links":{"self":[{"href":"http:\/\/www.velehrad.org.uk\/index.php?rest_route=\/wp\/v2\/posts\/7365","targetHints":{"allow":["GET"]}}],"collection":[{"href":"http:\/\/www.velehrad.org.uk\/index.php?rest_route=\/wp\/v2\/posts"}],"about":[{"href":"http:\/\/www.velehrad.org.uk\/index.php?rest_route=\/wp\/v2\/types\/post"}],"author":[{"embeddable":true,"href":"http:\/\/www.velehrad.org.uk\/index.php?rest_route=\/wp\/v2\/users\/1"}],"replies":[{"embeddable":true,"href":"http:\/\/www.velehrad.org.uk\/index.php?rest_route=%2Fwp%2Fv2%2Fcomments&post=7365"}],"version-history":[{"count":5,"href":"http:\/\/www.velehrad.org.uk\/index.php?rest_route=\/wp\/v2\/posts\/7365\/revisions"}],"predecessor-version":[{"id":7492,"href":"http:\/\/www.velehrad.org.uk\/index.php?rest_route=\/wp\/v2\/posts\/7365\/revisions\/7492"}],"wp:featuredmedia":[{"embeddable":true,"href":"http:\/\/www.velehrad.org.uk\/index.php?rest_route=\/wp\/v2\/media\/7366"}],"wp:attachment":[{"href":"http:\/\/www.velehrad.org.uk\/index.php?rest_route=%2Fwp%2Fv2%2Fmedia&parent=7365"}],"wp:term":[{"taxonomy":"category","embeddable":true,"href":"http:\/\/www.velehrad.org.uk\/index.php?rest_route=%2Fwp%2Fv2%2Fcategories&post=7365"},{"taxonomy":"post_tag","embeddable":true,"href":"http:\/\/www.velehrad.org.uk\/index.php?rest_route=%2Fwp%2Fv2%2Ftags&post=7365"}],"curies":[{"name":"wp","href":"https:\/\/api.w.org\/{rel}","templated":true}]}}